{"id":2074,"date":"2024-03-27T11:28:10","date_gmt":"2024-03-27T14:28:10","guid":{"rendered":"https:\/\/enlamira.info\/?p=2074"},"modified":"2024-03-27T21:23:07","modified_gmt":"2024-03-28T00:23:07","slug":"guillermo-francella-sobre-las-medidas-del-gobierno-de-javier-milei-eran-mas-que-necesarias","status":"publish","type":"post","link":"https:\/\/enlamira.info\/index.php\/2024\/03\/27\/guillermo-francella-sobre-las-medidas-del-gobierno-de-javier-milei-eran-mas-que-necesarias\/","title":{"rendered":"Guillermo Francella sobre las medidas del gobierno de Javier Milei: &#8220;Eran m\u00e1s que necesarias&#8221;"},"content":{"rendered":"\n<p>Guillermo Francella\u00a0se sum\u00f3 al listado de artistas que opinan sobre la actualidad sociopol\u00edtica del pa\u00eds y las medidas tomadas por el gobierno de\u00a0Javier Milei. De cara al estreno de la tercera temporada de El Encargado (en junio), la comedia dram\u00e1tica que narra con iron\u00eda y humor las aventuras de Eliseo, fue consultado sobre la actualidad argentina y se mostr\u00f3 esperanzado.<\/p>\n\n\n\n<p>En di\u00e1logo con Eduardo Feinmann, Jorge Lanata y Roberto Moldavsky por Radio Mitre, Francella no esquiv\u00f3 la pregunta sobre &#8220;c\u00f3mo ve al pa\u00eds&#8221; y respondi\u00f3: &#8220;Esta incertidumbre de ver cu\u00e1ndo termina el goteo y empieza la gente a disfrutar un poco m\u00e1s de estas medidas, que s\u00ed s\u00e9 que eran m\u00e1s que necesarias, y\u00a0sab\u00edamos que iba a haber cirug\u00eda mayor&#8221;.<\/p>\n\n\n\n<p>En ese sentido, marc\u00f3 que el Gobierno lo advirti\u00f3 en la campa\u00f1a y &#8220;lo cumpli\u00f3 taxativamente&#8221;.<\/p>\n\n\n\n<p>&#8220;Sab\u00eda que iba a haber contrastes, y en cien d\u00edas me parece que se sab\u00eda que esto iba a ocurrir. As\u00ed que sigo con la esperanza de que esto, no s\u00e9 con qu\u00e9 inmediatez, pero que esto se modifique a favor del pueblo&#8221;, sum\u00f3.<\/p>\n\n\n\n<h2 class=\"wp-block-heading\">Guillermo Francella sobre la tercera temporada de &#8220;El Encargado&#8221;<\/h2>\n\n\n\n<p>Sobre la tercera temporada de El encargado. Esta producci\u00f3n se convirti\u00f3 en una de las m\u00e1s aclamadas por el p\u00fablico argentino por el humor, la iron\u00eda del guion y por la actuaci\u00f3n del actor. El protagonista comparti\u00f3 que la fecha de estreno ser\u00e1 en junio de 2024, tras la unificaci\u00f3n de Disney+ con Star+.<\/p>\n\n\n\n<p><a href=\"https:\/\/api.whatsapp.com\/send?text=%E2%80%9CGuillermo%20Francella%20sobre%20las%20medidas%20del%20gobierno%20de%20Javier%20Milei%3A%20%22Eran%20m%C3%A1s%20que%20necesarias%22%E2%80%9D%20https%3A%2F%2Fwww.ambito.com%2Fespectaculos%2Fguillermo-francella-las-medidas-del-gobierno-javier-milei-eran-mas-que-necesarias-n5971689\" target=\"_blank\" rel=\"noreferrer noopener\"><\/a><\/p>\n","protected":false},"excerpt":{"rendered":"<p>Guillermo Francella\u00a0se sum\u00f3 al listado de artistas que opinan sobre la actualidad sociopol\u00edtica del pa\u00eds y las medidas tomadas por el gobierno de\u00a0Javier Milei. De cara al estreno de la tercera temporada de El Encargado (en junio), la comedia dram\u00e1tica que narra con iron\u00eda y humor las aventuras de Eliseo, fue consultado sobre la actualidad [&hellip;]<\/p>\n","protected":false},"author":2,"featured_media":2078,"comment_status":"open","ping_status":"open","sticky":false,"template":"","format":"standard","meta":{"footnotes":""},"categories":[20],"tags":[],"_links":{"self":[{"href":"https:\/\/enlamira.info\/index.php\/wp-json\/wp\/v2\/posts\/2074"}],"collection":[{"href":"https:\/\/enlamira.info\/index.php\/wp-json\/wp\/v2\/posts"}],"about":[{"href":"https:\/\/enlamira.info\/index.php\/wp-json\/wp\/v2\/types\/post"}],"author":[{"embeddable":true,"href":"https:\/\/enlamira.info\/index.php\/wp-json\/wp\/v2\/users\/2"}],"replies":[{"embeddable":true,"href":"https:\/\/enlamira.info\/index.php\/wp-json\/wp\/v2\/comments?post=2074"}],"version-history":[{"count":2,"href":"https:\/\/enlamira.info\/index.php\/wp-json\/wp\/v2\/posts\/2074\/revisions"}],"predecessor-version":[{"id":2077,"href":"https:\/\/enlamira.info\/index.php\/wp-json\/wp\/v2\/posts\/2074\/revisions\/2077"}],"wp:featuredmedia":[{"embeddable":true,"href":"https:\/\/enlamira.info\/index.php\/wp-json\/wp\/v2\/media\/2078"}],"wp:attachment":[{"href":"https:\/\/enlamira.info\/index.php\/wp-json\/wp\/v2\/media?parent=2074"}],"wp:term":[{"taxonomy":"category","embeddable":true,"href":"https:\/\/enlamira.info\/index.php\/wp-json\/wp\/v2\/categories?post=2074"},{"taxonomy":"post_tag","embeddable":true,"href":"https:\/\/enlamira.info\/index.php\/wp-json\/wp\/v2\/tags?post=2074"}],"curies":[{"name":"wp","href":"https:\/\/api.w.org\/{rel}","templated":true}]}}