{"id":20726,"date":"2026-01-04T00:03:00","date_gmt":"2026-01-04T03:03:00","guid":{"rendered":"https:\/\/enlamira.info\/?p=20726"},"modified":"2026-01-03T23:07:25","modified_gmt":"2026-01-04T02:07:25","slug":"el-municipio-de-quilmes-inicio-una-actuacion-de-oficio-contra-edesur-por-el-apagon-masivo-de-fin-de-ano","status":"publish","type":"post","link":"https:\/\/enlamira.info\/index.php\/2026\/01\/04\/el-municipio-de-quilmes-inicio-una-actuacion-de-oficio-contra-edesur-por-el-apagon-masivo-de-fin-de-ano\/","title":{"rendered":"El Municipio de Quilmes inici\u00f3 una actuaci\u00f3n de oficio contra EDESUR por el apag\u00f3n masivo de fin de a\u00f1o"},"content":{"rendered":"\n<p>El Municipio de Quilmes informa que inici\u00f3 una actuaci\u00f3n administrativa de oficio contra la empresa EDESUR SA, en virtud del corte masivo del suministro el\u00e9ctrico que afect\u00f3 al distrito durante la madrugada del 31 de diciembre de 2025.<\/p>\n\n\n\n<p>El procedimiento, que se llev\u00f3 adelante a trav\u00e9s de la Direcci\u00f3n General de Defensa de Usuarios, Consumidores y Lealtad Comercial, dependiente de la Secretar\u00eda Legal y T\u00e9cnica, se origin\u00f3 a ra\u00edz de la interrupci\u00f3n del servicio que dej\u00f3 a miles de vecinos y vecinas sin energ\u00eda el\u00e9ctrica en la antesala de las celebraciones de fin de a\u00f1o. La magnitud del hecho se vio agravada por las elevadas temperaturas registradas durante esa jornada, lo que implic\u00f3 un riesgo para la salud de la poblaci\u00f3n, la correcta conservaci\u00f3n de alimentos y medicamentos, y el bienestar general de la comunidad en el marco de una intensa ola de calor. <\/p>\n\n\n\n<p>En ese contexto, la autoridad municipal orden\u00f3 a la empresa la presentaci\u00f3n de un informe detallado que d\u00e9 cuenta, entre otros aspectos, de las causas que originaron el corte, las zonas afectadas, la duraci\u00f3n de la interrupci\u00f3n en cada barrio, las medidas adoptadas para el restablecimiento del servicio, la cantidad de reclamos recibidos y los mecanismos de comunicaci\u00f3n e informaci\u00f3n brindados a los usuarios durante el evento.<\/p>\n\n\n\n<p>La informaci\u00f3n requerida permitir\u00e1 a la Direcci\u00f3n General de Defensa del Consumidor evaluar el cumplimiento de las obligaciones a cargo de la prestataria del servicio, brindar asesoramiento adecuado a los damnificados y analizar la eventual aplicaci\u00f3n de sanciones conforme a la normativa vigente en materia de defensa del consumidor.<\/p>\n","protected":false},"excerpt":{"rendered":"<p>El Municipio de Quilmes informa que inici\u00f3 una actuaci\u00f3n administrativa de oficio contra la empresa EDESUR SA, en virtud del corte masivo del suministro el\u00e9ctrico que afect\u00f3 al distrito durante la madrugada del 31 de diciembre de 2025. El procedimiento, que se llev\u00f3 adelante a trav\u00e9s de la Direcci\u00f3n General de Defensa de Usuarios, Consumidores [&hellip;]<\/p>\n","protected":false},"author":4,"featured_media":20723,"comment_status":"open","ping_status":"open","sticky":false,"template":"","format":"standard","meta":{"footnotes":""},"categories":[1],"tags":[28,443],"_links":{"self":[{"href":"https:\/\/enlamira.info\/index.php\/wp-json\/wp\/v2\/posts\/20726"}],"collection":[{"href":"https:\/\/enlamira.info\/index.php\/wp-json\/wp\/v2\/posts"}],"about":[{"href":"https:\/\/enlamira.info\/index.php\/wp-json\/wp\/v2\/types\/post"}],"author":[{"embeddable":true,"href":"https:\/\/enlamira.info\/index.php\/wp-json\/wp\/v2\/users\/4"}],"replies":[{"embeddable":true,"href":"https:\/\/enlamira.info\/index.php\/wp-json\/wp\/v2\/comments?post=20726"}],"version-history":[{"count":1,"href":"https:\/\/enlamira.info\/index.php\/wp-json\/wp\/v2\/posts\/20726\/revisions"}],"predecessor-version":[{"id":20727,"href":"https:\/\/enlamira.info\/index.php\/wp-json\/wp\/v2\/posts\/20726\/revisions\/20727"}],"wp:featuredmedia":[{"embeddable":true,"href":"https:\/\/enlamira.info\/index.php\/wp-json\/wp\/v2\/media\/20723"}],"wp:attachment":[{"href":"https:\/\/enlamira.info\/index.php\/wp-json\/wp\/v2\/media?parent=20726"}],"wp:term":[{"taxonomy":"category","embeddable":true,"href":"https:\/\/enlamira.info\/index.php\/wp-json\/wp\/v2\/categories?post=20726"},{"taxonomy":"post_tag","embeddable":true,"href":"https:\/\/enlamira.info\/index.php\/wp-json\/wp\/v2\/tags?post=20726"}],"curies":[{"name":"wp","href":"https:\/\/api.w.org\/{rel}","templated":true}]}}