{"id":20711,"date":"2026-01-03T00:04:00","date_gmt":"2026-01-03T03:04:00","guid":{"rendered":"https:\/\/enlamira.info\/?p=20711"},"modified":"2026-01-03T00:01:26","modified_gmt":"2026-01-03T03:01:26","slug":"el-gobierno-avanzo-con-una-profunda-reforma-del-sistema-de-inteligencia-y-redefinio-el-rol-de-la-side","status":"publish","type":"post","link":"https:\/\/enlamira.info\/index.php\/2026\/01\/03\/el-gobierno-avanzo-con-una-profunda-reforma-del-sistema-de-inteligencia-y-redefinio-el-rol-de-la-side\/","title":{"rendered":"El Gobierno avanz\u00f3 con una profunda reforma del sistema de inteligencia y redefini\u00f3 el rol de la SIDE"},"content":{"rendered":"\n<p>El Gobierno nacional oficializ\u00f3 una reestructuraci\u00f3n integral del Sistema de Inteligencia Nacional mediante el decreto 941\/2025, publicado este viernes en el Bolet\u00edn Oficial. La medida redefine competencias, funciones y organismos, y consolida a la Secretar\u00eda de Inteligencia de Estado (SIDE) como autoridad superior y rectora del sistema, en el marco de lo que el Ejecutivo denomin\u00f3 una reforma de \u201csegunda generaci\u00f3n\u201d.<\/p>\n\n\n\n<p>Seg\u00fan el texto oficial, la iniciativa busca modernizar, ordenar y profesionalizar el sistema de inteligencia, con el objetivo de adecuarlo a los desaf\u00edos del siglo XXI, eliminar superposiciones hist\u00f3ricas y reforzar los controles institucionales, t\u00e9cnicos y presupuestarios. El decreto lleva la firma del presidente Javier Milei y de sus ministros, y entra en vigencia con su publicaci\u00f3n, aunque deber\u00e1 ser analizado por la Comisi\u00f3n Bicameral Permanente del Congreso.<\/p>\n\n\n\n<p>Uno de los ejes centrales de la reforma es la redefinici\u00f3n de la estructura del sistema. La SIDE queda conformada por el Servicio de Inteligencia Argentino (SIA), la Agencia Nacional de Contrainteligencia (ANC), la Agencia Federal de Ciberinteligencia (AFC) y la Inspector\u00eda General de Inteligencia, todos con autonom\u00eda t\u00e9cnica y funcional, pero bajo conducci\u00f3n pol\u00edtica centralizada. La ex Agencia de Seguridad Nacional pasa a denominarse Agencia Nacional de Contrainteligencia, con funciones circunscriptas de manera exclusiva a esa materia.<\/p>\n\n\n\n<p>En l\u00ednea con el comunicado difundido por el Gobierno, la contrainteligencia queda definida de manera \u201cclara y taxativa\u201d como la funci\u00f3n destinada a proteger al Estado argentino frente a acciones de inteligencia, espionaje o injerencia de agentes externos, y se establece de forma expl\u00edcita la prohibici\u00f3n de pr\u00e1cticas de espionaje interno, persecuci\u00f3n pol\u00edtica, control indebido de dirigentes, periodistas o ciudadanos.<\/p>\n\n\n\n<p>Otro de los cambios relevantes es la eliminaci\u00f3n de la Direcci\u00f3n Nacional de Inteligencia Estrat\u00e9gica Militar, cuyas funciones y recursos son transferidos al Estado Mayor Conjunto de las Fuerzas Armadas, con el objetivo de evitar superposiciones y consolidar un esquema integrado de inteligencia de defensa. A su vez, se diferencia formalmente la ciberseguridad, vinculada a la protecci\u00f3n de infraestructuras cr\u00edticas, de la ciberinteligencia, orientada al an\u00e1lisis de amenazas en el ciberespacio, y se crea el Centro Nacional de Ciberseguridad bajo la \u00f3rbita de la Jefatura de Gabinete.<\/p>\n\n\n\n<p>El decreto tambi\u00e9n establece un nuevo esquema de intercambio de informaci\u00f3n dentro del Estado, basado en la trazabilidad, el registro obligatorio de requerimientos y la automatizaci\u00f3n de los flujos informativos. En ese marco se crean la Comunidad de Inteligencia Nacional, que articula a organismos de inteligencia, fuerzas de seguridad, Fuerzas Armadas y la UIF, y la Comunidad Informativa Nacional, integrada por ministerios y organismos civiles que aportan informaci\u00f3n estrat\u00e9gica sin realizar tareas de inteligencia.<\/p>\n\n\n\n<p>Entre los puntos que generaron mayor atenci\u00f3n se encuentra la autorizaci\u00f3n a los organismos de inteligencia para proveer su propia seguridad, repeler agresiones contra instalaciones, personal u operaciones, y aprehender personas en casos de flagrancia, con obligaci\u00f3n de dar aviso inmediato a las fuerzas de seguridad. Desde el Ejecutivo se subray\u00f3 que todas las actividades de inteligencia revisten car\u00e1cter encubierto por su sensibilidad, aunque se reafirma la prohibici\u00f3n de realizar espionaje por motivos ideol\u00f3gicos, pol\u00edticos o religiosos.<\/p>\n\n\n\n<p>La reforma tambi\u00e9n concentra en la SIDE la supervisi\u00f3n y control de los presupuestos de inteligencia y de los gastos reservados, adem\u00e1s de habilitarla a requerir informaci\u00f3n a organismos del sector p\u00fablico nacional, a las provincias y a la Ciudad de Buenos Aires cuando lo considere necesario para el cumplimiento de sus funciones.<\/p>\n\n\n\n<p>Finalmente, el Gobierno sostuvo que esta transformaci\u00f3n forma parte de un proceso m\u00e1s amplio de ordenamiento institucional, orientado a dejar atr\u00e1s d\u00e9cadas de discrecionalidad, opacidad y uso pol\u00edtico del sistema de inteligencia, y a consolidar un esquema profesional, limitado y sometido a controles legales, enmarcado en los principios republicanos y democr\u00e1ticos.<\/p>\n","protected":false},"excerpt":{"rendered":"<p>El Gobierno nacional oficializ\u00f3 una reestructuraci\u00f3n integral del Sistema de Inteligencia Nacional mediante el decreto 941\/2025, publicado este viernes en el Bolet\u00edn Oficial. La medida redefine competencias, funciones y organismos, y consolida a la Secretar\u00eda de Inteligencia de Estado (SIDE) como autoridad superior y rectora del sistema, en el marco de lo que el Ejecutivo [&hellip;]<\/p>\n","protected":false},"author":4,"featured_media":20706,"comment_status":"open","ping_status":"open","sticky":false,"template":"","format":"standard","meta":{"footnotes":""},"categories":[4],"tags":[],"_links":{"self":[{"href":"https:\/\/enlamira.info\/index.php\/wp-json\/wp\/v2\/posts\/20711"}],"collection":[{"href":"https:\/\/enlamira.info\/index.php\/wp-json\/wp\/v2\/posts"}],"about":[{"href":"https:\/\/enlamira.info\/index.php\/wp-json\/wp\/v2\/types\/post"}],"author":[{"embeddable":true,"href":"https:\/\/enlamira.info\/index.php\/wp-json\/wp\/v2\/users\/4"}],"replies":[{"embeddable":true,"href":"https:\/\/enlamira.info\/index.php\/wp-json\/wp\/v2\/comments?post=20711"}],"version-history":[{"count":1,"href":"https:\/\/enlamira.info\/index.php\/wp-json\/wp\/v2\/posts\/20711\/revisions"}],"predecessor-version":[{"id":20712,"href":"https:\/\/enlamira.info\/index.php\/wp-json\/wp\/v2\/posts\/20711\/revisions\/20712"}],"wp:featuredmedia":[{"embeddable":true,"href":"https:\/\/enlamira.info\/index.php\/wp-json\/wp\/v2\/media\/20706"}],"wp:attachment":[{"href":"https:\/\/enlamira.info\/index.php\/wp-json\/wp\/v2\/media?parent=20711"}],"wp:term":[{"taxonomy":"category","embeddable":true,"href":"https:\/\/enlamira.info\/index.php\/wp-json\/wp\/v2\/categories?post=20711"},{"taxonomy":"post_tag","embeddable":true,"href":"https:\/\/enlamira.info\/index.php\/wp-json\/wp\/v2\/tags?post=20711"}],"curies":[{"name":"wp","href":"https:\/\/api.w.org\/{rel}","templated":true}]}}