{"id":20628,"date":"2025-12-28T00:12:31","date_gmt":"2025-12-28T03:12:31","guid":{"rendered":"https:\/\/enlamira.info\/?p=20628"},"modified":"2025-12-28T00:21:59","modified_gmt":"2025-12-28T03:21:59","slug":"la-agrupacion-saul-ubaldini-de-la-uocra-llevo-alegria-a-los-barrios-mas-humildes-de-berazategui","status":"publish","type":"post","link":"https:\/\/enlamira.info\/index.php\/2025\/12\/28\/la-agrupacion-saul-ubaldini-de-la-uocra-llevo-alegria-a-los-barrios-mas-humildes-de-berazategui\/","title":{"rendered":"La Agrupaci\u00f3n \u201cSa\u00fal Ubaldini\u201d de la UOCRA llev\u00f3 alegr\u00eda a los barrios m\u00e1s humildes de Berazategui"},"content":{"rendered":"\n<hr class=\"wp-block-separator has-alpha-channel-opacity\"\/>\n\n\n\n<p>En una nueva muestra de <strong>compromiso social y solidaridad<\/strong>, la <strong>Agrupaci\u00f3n gremial \u201cSa\u00fal Ubaldini\u201d de la UOCRA<\/strong> de la<strong> lista Marr\u00f2n y Naranja<\/strong>, realiz\u00f3 una emotiva actividad navide\u00f1a en <strong>barrios carenciados de Berazategui<\/strong>, donde repartieron <strong>golosinas y regalos<\/strong> a ni\u00f1os y ni\u00f1as que atraviesan realidades de extrema vulnerabilidad.<\/p>\n\n\n\n<figure class=\"wp-block-image size-large\"><img loading=\"lazy\" decoding=\"async\" width=\"1024\" height=\"768\" src=\"https:\/\/enlamira.info\/wp-content\/uploads\/2025\/12\/WhatsApp-Image-2025-12-27-at-21.41.49-1-1024x768.jpeg\" alt=\"\" class=\"wp-image-20639\" srcset=\"https:\/\/enlamira.info\/wp-content\/uploads\/2025\/12\/WhatsApp-Image-2025-12-27-at-21.41.49-1-1024x768.jpeg 1024w, https:\/\/enlamira.info\/wp-content\/uploads\/2025\/12\/WhatsApp-Image-2025-12-27-at-21.41.49-1-300x225.jpeg 300w, https:\/\/enlamira.info\/wp-content\/uploads\/2025\/12\/WhatsApp-Image-2025-12-27-at-21.41.49-1-768x576.jpeg 768w, https:\/\/enlamira.info\/wp-content\/uploads\/2025\/12\/WhatsApp-Image-2025-12-27-at-21.41.49-1-1536x1152.jpeg 1536w, https:\/\/enlamira.info\/wp-content\/uploads\/2025\/12\/WhatsApp-Image-2025-12-27-at-21.41.49-1.jpeg 1600w\" sizes=\"(max-width: 1024px) 100vw, 1024px\" \/><\/figure>\n\n\n\n<p>La jornada cont\u00f3 con la presencia del <strong>emblem\u00e1tico Pap\u00e1 Noel<\/strong>, que recorri\u00f3 los distintos barrios junto a integrantes de la agrupaci\u00f3n y a los <strong>Bomberos Voluntarios de Berazategui<\/strong>, llevando sonrisas, abrazos y un momento de alegr\u00eda a los chicos m\u00e1s humildes, en un contexto social marcado por la necesidad.<\/p>\n\n\n\n<p>La actividad tuvo como principal objetivo <strong>acercarse a las familias<\/strong>, estar presentes en el territorio y acompa\u00f1ar a quienes m\u00e1s lo necesitan, reafirmando el rol social del movimiento obrero organizado m\u00e1s all\u00e1 de lo estrictamente gremial.<\/p>\n\n\n\n<p>Del evento particip\u00f3 el <strong>joven dirigente Dami\u00e1n V\u00e1zquez<\/strong>, quien dej\u00f3 un fuerte mensaje pol\u00edtico y social al referirse a la jornada solidaria:<br>\u201cHoy estamos orgullosos de estar junto a los m\u00e1s necesitados\u201d. <\/p>\n\n\n\n<figure class=\"wp-block-image size-large\"><img loading=\"lazy\" decoding=\"async\" width=\"1024\" height=\"768\" src=\"https:\/\/enlamira.info\/wp-content\/uploads\/2025\/12\/WhatsApp-Image-2025-12-27-at-21.41.48-1024x768.jpeg\" alt=\"\" class=\"wp-image-20640\" srcset=\"https:\/\/enlamira.info\/wp-content\/uploads\/2025\/12\/WhatsApp-Image-2025-12-27-at-21.41.48-1024x768.jpeg 1024w, https:\/\/enlamira.info\/wp-content\/uploads\/2025\/12\/WhatsApp-Image-2025-12-27-at-21.41.48-300x225.jpeg 300w, https:\/\/enlamira.info\/wp-content\/uploads\/2025\/12\/WhatsApp-Image-2025-12-27-at-21.41.48-768x576.jpeg 768w, https:\/\/enlamira.info\/wp-content\/uploads\/2025\/12\/WhatsApp-Image-2025-12-27-at-21.41.48-1536x1152.jpeg 1536w, https:\/\/enlamira.info\/wp-content\/uploads\/2025\/12\/WhatsApp-Image-2025-12-27-at-21.41.48.jpeg 1600w\" sizes=\"(max-width: 1024px) 100vw, 1024px\" \/><\/figure>\n\n\n\n<p>La recorrida dej\u00f3 im\u00e1genes de emoci\u00f3n y agradecimiento, especialmente en los m\u00e1s chicos, quienes recibieron regalos y golosinas en una tarde distinta, marcada por la presencia, la solidaridad y el compromiso con los sectores m\u00e1s postergados.<\/p>\n\n\n\n<p>Desde la Agrupaci\u00f3n \u201cSa\u00fal Ubaldini\u201d remarcaron que este tipo de acciones forman parte de una <strong>militancia cotidiana<\/strong>, basada en la cercan\u00eda con el pueblo y en la convicci\u00f3n de que la organizaci\u00f3n y la solidaridad siguen siendo herramientas fundamentales para construir una sociedad m\u00e1s justa.<\/p>\n\n\n\n<figure class=\"wp-block-video\"><video controls src=\"https:\/\/enlamira.info\/wp-content\/uploads\/2025\/12\/WhatsApp-Video-2025-12-27-at-21.41.49.mp4\"><\/video><\/figure>\n\n\n\n<hr class=\"wp-block-separator has-alpha-channel-opacity\"\/>\n","protected":false},"excerpt":{"rendered":"<p>En una nueva muestra de compromiso social y solidaridad, la Agrupaci\u00f3n gremial \u201cSa\u00fal Ubaldini\u201d de la UOCRA de la lista Marr\u00f2n y Naranja, realiz\u00f3 una emotiva actividad navide\u00f1a en barrios carenciados de Berazategui, donde repartieron golosinas y regalos a ni\u00f1os y ni\u00f1as que atraviesan realidades de extrema vulnerabilidad. La jornada cont\u00f3 con la presencia del [&hellip;]<\/p>\n","protected":false},"author":4,"featured_media":20642,"comment_status":"open","ping_status":"open","sticky":false,"template":"","format":"standard","meta":{"footnotes":""},"categories":[1,5,34],"tags":[],"_links":{"self":[{"href":"https:\/\/enlamira.info\/index.php\/wp-json\/wp\/v2\/posts\/20628"}],"collection":[{"href":"https:\/\/enlamira.info\/index.php\/wp-json\/wp\/v2\/posts"}],"about":[{"href":"https:\/\/enlamira.info\/index.php\/wp-json\/wp\/v2\/types\/post"}],"author":[{"embeddable":true,"href":"https:\/\/enlamira.info\/index.php\/wp-json\/wp\/v2\/users\/4"}],"replies":[{"embeddable":true,"href":"https:\/\/enlamira.info\/index.php\/wp-json\/wp\/v2\/comments?post=20628"}],"version-history":[{"count":3,"href":"https:\/\/enlamira.info\/index.php\/wp-json\/wp\/v2\/posts\/20628\/revisions"}],"predecessor-version":[{"id":20646,"href":"https:\/\/enlamira.info\/index.php\/wp-json\/wp\/v2\/posts\/20628\/revisions\/20646"}],"wp:featuredmedia":[{"embeddable":true,"href":"https:\/\/enlamira.info\/index.php\/wp-json\/wp\/v2\/media\/20642"}],"wp:attachment":[{"href":"https:\/\/enlamira.info\/index.php\/wp-json\/wp\/v2\/media?parent=20628"}],"wp:term":[{"taxonomy":"category","embeddable":true,"href":"https:\/\/enlamira.info\/index.php\/wp-json\/wp\/v2\/categories?post=20628"},{"taxonomy":"post_tag","embeddable":true,"href":"https:\/\/enlamira.info\/index.php\/wp-json\/wp\/v2\/tags?post=20628"}],"curies":[{"name":"wp","href":"https:\/\/api.w.org\/{rel}","templated":true}]}}