{"id":20626,"date":"2025-12-27T18:04:34","date_gmt":"2025-12-27T21:04:34","guid":{"rendered":"https:\/\/enlamira.info\/?p=20626"},"modified":"2025-12-27T18:07:53","modified_gmt":"2025-12-27T21:07:53","slug":"damian-vazquez-uocra-en-el-2026-vamos-por-todo","status":"publish","type":"post","link":"https:\/\/enlamira.info\/index.php\/2025\/12\/27\/damian-vazquez-uocra-en-el-2026-vamos-por-todo\/","title":{"rendered":"Dami\u00e1n V\u00e1zquez (UOCRA): \u201cEn el 2026 vamos por todo\u201d"},"content":{"rendered":"\n<hr class=\"wp-block-separator has-alpha-channel-opacity\"\/>\n\n\n\n<p>La <strong>Agrupaci\u00f3n \u201cSa\u00fal Ubaldini\u201d de la UOCRA<\/strong>, conducida por <strong>Dami\u00e1n V\u00e1zquez<\/strong>, llev\u00f3 adelante un multitudinario <strong>cierre de a\u00f1o 2025<\/strong> en la ciudad de <strong>Quilmes<\/strong>, donde <strong>m\u00e1s de 300 trabajadores de la construcci\u00f3n<\/strong> compartieron la jornada <strong>junto a sus familias<\/strong>, en un encuentro que combin\u00f3 celebraci\u00f3n, militancia sindical y un fuerte mensaje de cara al a\u00f1o pr\u00f3ximo.<\/p>\n\n\n\n<figure class=\"wp-block-image size-large\"><img loading=\"lazy\" decoding=\"async\" width=\"1024\" height=\"768\" src=\"https:\/\/enlamira.info\/wp-content\/uploads\/2025\/12\/e688ce11-a67b-4bbb-a338-baff3c94e49d-1024x768.jpg\" alt=\"\" class=\"wp-image-20629\" srcset=\"https:\/\/enlamira.info\/wp-content\/uploads\/2025\/12\/e688ce11-a67b-4bbb-a338-baff3c94e49d-1024x768.jpg 1024w, https:\/\/enlamira.info\/wp-content\/uploads\/2025\/12\/e688ce11-a67b-4bbb-a338-baff3c94e49d-300x225.jpg 300w, https:\/\/enlamira.info\/wp-content\/uploads\/2025\/12\/e688ce11-a67b-4bbb-a338-baff3c94e49d-768x576.jpg 768w, https:\/\/enlamira.info\/wp-content\/uploads\/2025\/12\/e688ce11-a67b-4bbb-a338-baff3c94e49d-1536x1152.jpg 1536w, https:\/\/enlamira.info\/wp-content\/uploads\/2025\/12\/e688ce11-a67b-4bbb-a338-baff3c94e49d-2048x1536.jpg 2048w\" sizes=\"(max-width: 1024px) 100vw, 1024px\" \/><\/figure>\n\n\n\n<p>El evento se desarroll\u00f3 en el <strong>predio del Club Los Rojos Quilme\u00f1os<\/strong>, ubicado en la intersecci\u00f3n de <strong>Laprida y Blas Parera<\/strong>, y cont\u00f3 con un <strong>gran asado popular<\/strong>, distintos <strong>n\u00fameros art\u00edsticos<\/strong> y la participaci\u00f3n de m\u00fasicos del \u00e1mbito popular, entre ellos el reconocido <strong>\u201cJeringa\u201d<\/strong> y el grupo <strong>\u201cEstamos Ready\u201d<\/strong>, adem\u00e1s de artistas locales que acompa\u00f1aron la jornada.<\/p>\n\n\n\n<p>Durante el encuentro se destac\u00f3, entre otros, la <strong>presencia de importantes empresarios del sector<\/strong>, quienes compartieron la actividad junto a los trabajadores y sus familias, en un clima de camarader\u00eda y participaci\u00f3n.<\/p>\n\n\n\n<figure class=\"wp-block-image size-large\"><img loading=\"lazy\" decoding=\"async\" width=\"768\" height=\"1024\" src=\"https:\/\/enlamira.info\/wp-content\/uploads\/2025\/12\/96ac2da1-0a33-44ca-a2ac-e9d79ef8c3b6-768x1024.jpg\" alt=\"\" class=\"wp-image-20630\" srcset=\"https:\/\/enlamira.info\/wp-content\/uploads\/2025\/12\/96ac2da1-0a33-44ca-a2ac-e9d79ef8c3b6-768x1024.jpg 768w, https:\/\/enlamira.info\/wp-content\/uploads\/2025\/12\/96ac2da1-0a33-44ca-a2ac-e9d79ef8c3b6-225x300.jpg 225w, https:\/\/enlamira.info\/wp-content\/uploads\/2025\/12\/96ac2da1-0a33-44ca-a2ac-e9d79ef8c3b6-1152x1536.jpg 1152w, https:\/\/enlamira.info\/wp-content\/uploads\/2025\/12\/96ac2da1-0a33-44ca-a2ac-e9d79ef8c3b6-1536x2048.jpg 1536w, https:\/\/enlamira.info\/wp-content\/uploads\/2025\/12\/96ac2da1-0a33-44ca-a2ac-e9d79ef8c3b6-scaled.jpg 1920w\" sizes=\"(max-width: 768px) 100vw, 768px\" \/><\/figure>\n\n\n\n<p>El cierre tuvo como momento central un <strong>brindis colectivo<\/strong> y la <strong>alocuci\u00f3n de Dami\u00e1n V\u00e1zquez<\/strong>, quien realiz\u00f3 un balance del a\u00f1o transcurrido y dej\u00f3 definiciones contundentes.<br>\u201cFue un a\u00f1o dif\u00edcil, muy dif\u00edcil\u201d, expres\u00f3, al referirse a los conflictos gremiales, judiciales y laborales que atraves\u00f3 el espacio, remarcando que, pese a las adversidades, la organizaci\u00f3n se mantuvo activa y en la calle.<\/p>\n\n\n\n<figure class=\"wp-block-image size-large\"><img loading=\"lazy\" decoding=\"async\" width=\"1024\" height=\"1024\" src=\"https:\/\/enlamira.info\/wp-content\/uploads\/2025\/12\/b3ca8938-b094-489b-9f81-8a0bc155cdeb-1024x1024.jpg\" alt=\"\" class=\"wp-image-20631\" srcset=\"https:\/\/enlamira.info\/wp-content\/uploads\/2025\/12\/b3ca8938-b094-489b-9f81-8a0bc155cdeb-1024x1024.jpg 1024w, https:\/\/enlamira.info\/wp-content\/uploads\/2025\/12\/b3ca8938-b094-489b-9f81-8a0bc155cdeb-300x300.jpg 300w, https:\/\/enlamira.info\/wp-content\/uploads\/2025\/12\/b3ca8938-b094-489b-9f81-8a0bc155cdeb-150x150.jpg 150w, https:\/\/enlamira.info\/wp-content\/uploads\/2025\/12\/b3ca8938-b094-489b-9f81-8a0bc155cdeb-768x768.jpg 768w, https:\/\/enlamira.info\/wp-content\/uploads\/2025\/12\/b3ca8938-b094-489b-9f81-8a0bc155cdeb.jpg 1536w\" sizes=\"(max-width: 1024px) 100vw, 1024px\" \/><\/figure>\n\n\n\n<p>En su discurso, V\u00e1zquez agradeci\u00f3 especialmente a <strong>Florencia Arietto<\/strong>, destacando \u201csu comportamiento y compromiso con los trabajadores\u201d, y valor\u00f3 el acompa\u00f1amiento recibido durante los momentos m\u00e1s complejos del a\u00f1o. Asimismo, ratific\u00f3 la decisi\u00f3n de profundizar la lucha gremial en el <strong>2026<\/strong>, con eje en la <strong>defensa de los derechos laborales<\/strong> y la <strong>recuperaci\u00f3n de los puestos de trabajo<\/strong> afectados por la paralizaci\u00f3n de las obras.<\/p>\n\n\n\n<figure class=\"wp-block-image size-large\"><img loading=\"lazy\" decoding=\"async\" width=\"768\" height=\"1024\" src=\"https:\/\/enlamira.info\/wp-content\/uploads\/2025\/12\/247cd8db-3707-47dc-89c4-61e691ef5929-768x1024.jpg\" alt=\"\" class=\"wp-image-20632\" srcset=\"https:\/\/enlamira.info\/wp-content\/uploads\/2025\/12\/247cd8db-3707-47dc-89c4-61e691ef5929-768x1024.jpg 768w, https:\/\/enlamira.info\/wp-content\/uploads\/2025\/12\/247cd8db-3707-47dc-89c4-61e691ef5929-225x300.jpg 225w, https:\/\/enlamira.info\/wp-content\/uploads\/2025\/12\/247cd8db-3707-47dc-89c4-61e691ef5929-1152x1536.jpg 1152w, https:\/\/enlamira.info\/wp-content\/uploads\/2025\/12\/247cd8db-3707-47dc-89c4-61e691ef5929-1536x2048.jpg 1536w, https:\/\/enlamira.info\/wp-content\/uploads\/2025\/12\/247cd8db-3707-47dc-89c4-61e691ef5929-scaled.jpg 1920w\" sizes=\"(max-width: 768px) 100vw, 768px\" \/><\/figure>\n\n\n\n<p>La jornada se desarroll\u00f3 en un clima familiar y de compa\u00f1erismo, consolidando a la Agrupaci\u00f3n \u201cSa\u00fal Ubaldini\u201d como un espacio activo dentro de la <strong>UOCRA regional<\/strong>, con un mensaje claro hacia el futuro: <strong>unidad, organizaci\u00f3n y protagonismo de los trabajadores<\/strong>.<\/p>\n\n\n\n<figure class=\"wp-block-image size-large\"><img loading=\"lazy\" decoding=\"async\" width=\"1024\" height=\"768\" src=\"https:\/\/enlamira.info\/wp-content\/uploads\/2025\/12\/0a9ecb32-ca50-410c-8dfe-9d397cc35e75-1024x768.jpg\" alt=\"\" class=\"wp-image-20633\" srcset=\"https:\/\/enlamira.info\/wp-content\/uploads\/2025\/12\/0a9ecb32-ca50-410c-8dfe-9d397cc35e75-1024x768.jpg 1024w, https:\/\/enlamira.info\/wp-content\/uploads\/2025\/12\/0a9ecb32-ca50-410c-8dfe-9d397cc35e75-300x225.jpg 300w, https:\/\/enlamira.info\/wp-content\/uploads\/2025\/12\/0a9ecb32-ca50-410c-8dfe-9d397cc35e75-768x576.jpg 768w, https:\/\/enlamira.info\/wp-content\/uploads\/2025\/12\/0a9ecb32-ca50-410c-8dfe-9d397cc35e75-1536x1152.jpg 1536w, https:\/\/enlamira.info\/wp-content\/uploads\/2025\/12\/0a9ecb32-ca50-410c-8dfe-9d397cc35e75-2048x1536.jpg 2048w\" sizes=\"(max-width: 1024px) 100vw, 1024px\" \/><\/figure>\n\n\n\n<hr class=\"wp-block-separator has-alpha-channel-opacity\"\/>\n\n\n\n<figure class=\"wp-block-embed is-type-video is-provider-youtube wp-block-embed-youtube wp-embed-aspect-9-16 wp-has-aspect-ratio\"><div class=\"wp-block-embed__wrapper\">\n<iframe loading=\"lazy\" title=\"UOCRA: Fiesta Fin de A\u00f1o en Quilmes\" width=\"540\" height=\"960\" src=\"https:\/\/www.youtube.com\/embed\/xeLARO-qgWM?feature=oembed\" frameborder=\"0\" allow=\"accelerometer; autoplay; clipboard-write; encrypted-media; gyroscope; picture-in-picture; web-share\" referrerpolicy=\"strict-origin-when-cross-origin\" allowfullscreen><\/iframe>\n<\/div><\/figure>\n","protected":false},"excerpt":{"rendered":"<p>La Agrupaci\u00f3n \u201cSa\u00fal Ubaldini\u201d de la UOCRA, conducida por Dami\u00e1n V\u00e1zquez, llev\u00f3 adelante un multitudinario cierre de a\u00f1o 2025 en la ciudad de Quilmes, donde m\u00e1s de 300 trabajadores de la construcci\u00f3n compartieron la jornada junto a sus familias, en un encuentro que combin\u00f3 celebraci\u00f3n, militancia sindical y un fuerte mensaje de cara al a\u00f1o [&hellip;]<\/p>\n","protected":false},"author":4,"featured_media":20634,"comment_status":"open","ping_status":"open","sticky":false,"template":"","format":"standard","meta":{"footnotes":""},"categories":[1,34],"tags":[2104],"_links":{"self":[{"href":"https:\/\/enlamira.info\/index.php\/wp-json\/wp\/v2\/posts\/20626"}],"collection":[{"href":"https:\/\/enlamira.info\/index.php\/wp-json\/wp\/v2\/posts"}],"about":[{"href":"https:\/\/enlamira.info\/index.php\/wp-json\/wp\/v2\/types\/post"}],"author":[{"embeddable":true,"href":"https:\/\/enlamira.info\/index.php\/wp-json\/wp\/v2\/users\/4"}],"replies":[{"embeddable":true,"href":"https:\/\/enlamira.info\/index.php\/wp-json\/wp\/v2\/comments?post=20626"}],"version-history":[{"count":2,"href":"https:\/\/enlamira.info\/index.php\/wp-json\/wp\/v2\/posts\/20626\/revisions"}],"predecessor-version":[{"id":20636,"href":"https:\/\/enlamira.info\/index.php\/wp-json\/wp\/v2\/posts\/20626\/revisions\/20636"}],"wp:featuredmedia":[{"embeddable":true,"href":"https:\/\/enlamira.info\/index.php\/wp-json\/wp\/v2\/media\/20634"}],"wp:attachment":[{"href":"https:\/\/enlamira.info\/index.php\/wp-json\/wp\/v2\/media?parent=20626"}],"wp:term":[{"taxonomy":"category","embeddable":true,"href":"https:\/\/enlamira.info\/index.php\/wp-json\/wp\/v2\/categories?post=20626"},{"taxonomy":"post_tag","embeddable":true,"href":"https:\/\/enlamira.info\/index.php\/wp-json\/wp\/v2\/tags?post=20626"}],"curies":[{"name":"wp","href":"https:\/\/api.w.org\/{rel}","templated":true}]}}