{"id":20601,"date":"2025-12-26T00:01:00","date_gmt":"2025-12-26T03:01:00","guid":{"rendered":"https:\/\/enlamira.info\/?p=20601"},"modified":"2025-12-25T23:02:57","modified_gmt":"2025-12-26T02:02:57","slug":"indice-de-salarios-los-sueldos-subieron-25-en-octubre-y-le-ganaron-a-la-inflacion","status":"publish","type":"post","link":"https:\/\/enlamira.info\/index.php\/2025\/12\/26\/indice-de-salarios-los-sueldos-subieron-25-en-octubre-y-le-ganaron-a-la-inflacion\/","title":{"rendered":"\u00cdndice de salarios: los sueldos subieron 2,5% en octubre y le ganaron a la inflaci\u00f3n"},"content":{"rendered":"\n<p>El \u00edndice de salarios mostr\u00f3 en octubre una suba mensual del 2,5%, superando levemente a la inflaci\u00f3n del mismo per\u00edodo. De acuerdo con los datos oficiales del Indec, el incremento permiti\u00f3 que los ingresos de los trabajadores mantuvieran una recuperaci\u00f3n en t\u00e9rminos reales, en un escenario marcado por desempe\u00f1os desiguales entre el sector privado registrado, el sector p\u00fablico y el empleo no registrado.<\/p>\n\n\n\n<p>Con este resultado, el \u00edndice de salarios acumul\u00f3 un aumento del 33,7% desde diciembre de 2024. La evoluci\u00f3n estuvo impulsada por una suba del 2,1% en el sector privado registrado, un incremento del 1,9% en el sector p\u00fablico y un alza del 4,2% en el sector privado no registrado, que volvi\u00f3 a encabezar las variaciones mensuales.<\/p>\n\n\n\n<p>En la comparaci\u00f3n interanual, el \u00edndice avanz\u00f3 43,1%. Ese crecimiento fue explicado por aumentos del 30,5% en el sector privado registrado, del 31,9% en el sector p\u00fablico y de un fuerte salto del 113,2% en el sector privado no registrado, que contin\u00faa liderando las subas nominales, aunque partiendo de niveles salariales m\u00e1s bajos.<\/p>\n\n\n\n<p>Desde diciembre de 2024, los salarios acumulan un aumento del 22,9% en el sector privado registrado, del 26,2% en el sector p\u00fablico y del 84,5% en el empleo no registrado. En el \u00e1mbito estatal, el subsector nacional mostr\u00f3 en octubre una suba mensual del 1,2%, mientras que el provincial registr\u00f3 un incremento del 2,1%. En t\u00e9rminos interanuales, los aumentos fueron del 21,2% a nivel nacional y del 36,2% en las provincias, con variaciones acumuladas del 17,5% y 29,8%, respectivamente.<\/p>\n","protected":false},"excerpt":{"rendered":"<p>El \u00edndice de salarios mostr\u00f3 en octubre una suba mensual del 2,5%, superando levemente a la inflaci\u00f3n del mismo per\u00edodo. De acuerdo con los datos oficiales del Indec, el incremento permiti\u00f3 que los ingresos de los trabajadores mantuvieran una recuperaci\u00f3n en t\u00e9rminos reales, en un escenario marcado por desempe\u00f1os desiguales entre el sector privado registrado, [&hellip;]<\/p>\n","protected":false},"author":4,"featured_media":20603,"comment_status":"open","ping_status":"open","sticky":false,"template":"","format":"standard","meta":{"footnotes":""},"categories":[4],"tags":[],"_links":{"self":[{"href":"https:\/\/enlamira.info\/index.php\/wp-json\/wp\/v2\/posts\/20601"}],"collection":[{"href":"https:\/\/enlamira.info\/index.php\/wp-json\/wp\/v2\/posts"}],"about":[{"href":"https:\/\/enlamira.info\/index.php\/wp-json\/wp\/v2\/types\/post"}],"author":[{"embeddable":true,"href":"https:\/\/enlamira.info\/index.php\/wp-json\/wp\/v2\/users\/4"}],"replies":[{"embeddable":true,"href":"https:\/\/enlamira.info\/index.php\/wp-json\/wp\/v2\/comments?post=20601"}],"version-history":[{"count":1,"href":"https:\/\/enlamira.info\/index.php\/wp-json\/wp\/v2\/posts\/20601\/revisions"}],"predecessor-version":[{"id":20602,"href":"https:\/\/enlamira.info\/index.php\/wp-json\/wp\/v2\/posts\/20601\/revisions\/20602"}],"wp:featuredmedia":[{"embeddable":true,"href":"https:\/\/enlamira.info\/index.php\/wp-json\/wp\/v2\/media\/20603"}],"wp:attachment":[{"href":"https:\/\/enlamira.info\/index.php\/wp-json\/wp\/v2\/media?parent=20601"}],"wp:term":[{"taxonomy":"category","embeddable":true,"href":"https:\/\/enlamira.info\/index.php\/wp-json\/wp\/v2\/categories?post=20601"},{"taxonomy":"post_tag","embeddable":true,"href":"https:\/\/enlamira.info\/index.php\/wp-json\/wp\/v2\/tags?post=20601"}],"curies":[{"name":"wp","href":"https:\/\/api.w.org\/{rel}","templated":true}]}}