{"id":2042,"date":"2024-03-26T11:40:37","date_gmt":"2024-03-26T14:40:37","guid":{"rendered":"https:\/\/enlamira.info\/?p=2042"},"modified":"2024-03-26T21:15:37","modified_gmt":"2024-03-27T00:15:37","slug":"patricia-bullrich-denuncio-al-ex-secretario-de-derechos-humanos-por-traicion-a-la-patria","status":"publish","type":"post","link":"https:\/\/enlamira.info\/index.php\/2024\/03\/26\/patricia-bullrich-denuncio-al-ex-secretario-de-derechos-humanos-por-traicion-a-la-patria\/","title":{"rendered":"Patricia Bullrich denunci\u00f3 al ex secretario de Derechos Humanos por traici\u00f3n a la Patria"},"content":{"rendered":"\n<p>La ministra de Seguridad inici\u00f3 acciones legales contra Horacio Pietragalla, en el marco de la causa que inici\u00f3 la familia de Santiago Maldonado por su desaparici\u00f3n y muerte.<\/p>\n\n\n\n<p>En un giro judicial inesperado, la ministra de Seguridad de la Naci\u00f3n,\u00a0Patricia Bullrich, present\u00f3 una denuncia contra el ex secretario de Derechos Humanos de la gesti\u00f3n del\u00a0Frente de Todos,\u00a0Luis Pietragalla Corti, por los delitos de traici\u00f3n a la Patria, abuso de autoridad y violaci\u00f3n de los deberes de funcionario p\u00fablico.<\/p>\n\n\n\n<p>Dicha acci\u00f3n judicial de la funcionaria de\u00a0Javier Milei, tiene que ver con la causa que inici\u00f3 la familia de\u00a0Santiago Maldonado\u00a0contra la\u00a0Argentina\u00a0ante la\u00a0Comisi\u00f3n Interamericana de Derechos Humanos\u00a0(CIDH), luego de que en mayo de 2022 el entonces funcionario asumiera como representante del Estado argentino, la\u00a0responsabilidad del pa\u00eds\u00a0en la muerte del joven y diera como ciertos una serie de episodios que no figuran en expedientes judiciales o administrativos.<\/p>\n\n\n\n<p>\u201cLuego de que la Justicia y 55 peritos confirmaron que Santiago Maldonado se ahog\u00f3, el\u00a0 exsecretario de Derechos Humanos de la Naci\u00f3n, Horacio Pietragalla, ignorando el fallo judicial,\u00a0denunci\u00f3 al Estado argentino con falsedades que pueden terminar en sanciones econ\u00f3micas\u00a0para la argentina y en darles una indemnizaci\u00f3n a familiares\u201d, se\u00f1al\u00f3 Bullrich a trav\u00e9s de su cuneta de\u00a0X\u00a0(ex Twitter).<\/p>\n\n\n\n<p>Asimismo, quien fuera titular de la cartera de seguridad nacional bajo el gobierno de\u00a0Mauricio Macri, cuando ocurri\u00f3 la desaparici\u00f3n y muerte del joven de 28 a\u00f1os en la\u00a0Patagonia\u00a0argentina, agreg\u00f3 en su posteo: \u201cCrearon un curro con los derechos humanos hasta el punto de traicionar a nuestro pa\u00eds.\u00a0Pietragalla, la verdad ya est\u00e1 dicha\u201d.<\/p>\n\n\n\n<p>\u201cTras la resoluci\u00f3n judicial que descart\u00f3 el delito de desaparici\u00f3n forzada en el caso de Santiago Maldonado, la familia present\u00f3 una denuncia ante la\u00a0Corte Interamericana de Derechos Humanos\u00a0por\u00a0\u201cPrivaci\u00f3n de Acceso a la Justicia\u201d\u201d, explicaron desde el ministerio de Seguridad en un comunicado oficial.<\/p>\n\n\n\n<p>Sumando: \u201cHoracio Pietragalla Corti, como titular de la Secretar\u00eda de Derechos Humanos, asumi\u00f3 la responsabilidad legal de Argentina, acusando\u00a0al Estado\u00a0de negar el derecho de acceso a la justicia a la familia de Maldonado, bas\u00e1ndose en hechos falsos y ocultando la participaci\u00f3n activa de la familia en la b\u00fasqueda y hallazgo del cuerpo.\u00a0Las falsas afirmaciones de Pietragalla Corti tienen serias implicaciones legales para Argentina,\u00a0incluida la posibilidad de sanciones por parte de la Corte Interamericana y la obligaci\u00f3n de indemnizar a los familiares\u201d, agrega el texto<\/p>\n\n\n\n<p>En ese sentido, la misiva de la cartera que conduce la ex candidata a presidenta de\u00a0Juntos por el Cambio, remarca: \u201cEn respuesta, la Ministra de Seguridad, Patricia Bullrich, present\u00f3 una querella por\u00a0Traici\u00f3n a la Patria, Abuso de Autoridad y Violaci\u00f3n de los Deberes de los Funcionarios P\u00fablicos\u00a0contra Pietragalla Corti, debido a la gravedad de las\u00a0acusaciones infundadas y sus consecuencias\u00a0para el Estado argentino\u201d.<\/p>\n\n\n\n<p>Vale recordar que\u00a0la muerte de Santiago Maldonado se sucedi\u00f3 el primero de agosto de 2017,\u00a0cuando el joven de 28 a\u00f1os participaba de un corte de ruta junto con miembros de la\u00a0comunidad mapuche Pu Lof\u00a0en Resistencia de Cushamen, en\u00a0Chubut, por la liberaci\u00f3n del l\u00edder\u00a0Facundo Jones Huala. Tras una feroz represi\u00f3n por parte de la\u00a0Gendarmer\u00eda\u00a0para liberar el transito los manifestantes huyeron en diferentes direcciones.<\/p>\n\n\n\n<p>Maldonado estuvo desaparecido por 77 d\u00edas, hasta que finalmente\u00a0su cuerpo fue encontrado en el r\u00edo Chubut dentro del territorio de dicho pueblo originario el 17 de octubre de 2017.\u00a0Alrededor de la causa hubo muchas especulaciones, sin embargo la Justicia determin\u00f3 que las fuerzas federales no tuvieron nada que ver con la muerte del joven que se ahog\u00f3 luego de caer en el corrientoso cause de agua helada.<\/p>\n","protected":false},"excerpt":{"rendered":"<p>La ministra de Seguridad inici\u00f3 acciones legales contra Horacio Pietragalla, en el marco de la causa que inici\u00f3 la familia de Santiago Maldonado por su desaparici\u00f3n y muerte. En un giro judicial inesperado, la ministra de Seguridad de la Naci\u00f3n,\u00a0Patricia Bullrich, present\u00f3 una denuncia contra el ex secretario de Derechos Humanos de la gesti\u00f3n del\u00a0Frente [&hellip;]<\/p>\n","protected":false},"author":2,"featured_media":2044,"comment_status":"open","ping_status":"open","sticky":false,"template":"","format":"standard","meta":{"footnotes":""},"categories":[20],"tags":[],"_links":{"self":[{"href":"https:\/\/enlamira.info\/index.php\/wp-json\/wp\/v2\/posts\/2042"}],"collection":[{"href":"https:\/\/enlamira.info\/index.php\/wp-json\/wp\/v2\/posts"}],"about":[{"href":"https:\/\/enlamira.info\/index.php\/wp-json\/wp\/v2\/types\/post"}],"author":[{"embeddable":true,"href":"https:\/\/enlamira.info\/index.php\/wp-json\/wp\/v2\/users\/2"}],"replies":[{"embeddable":true,"href":"https:\/\/enlamira.info\/index.php\/wp-json\/wp\/v2\/comments?post=2042"}],"version-history":[{"count":1,"href":"https:\/\/enlamira.info\/index.php\/wp-json\/wp\/v2\/posts\/2042\/revisions"}],"predecessor-version":[{"id":2043,"href":"https:\/\/enlamira.info\/index.php\/wp-json\/wp\/v2\/posts\/2042\/revisions\/2043"}],"wp:featuredmedia":[{"embeddable":true,"href":"https:\/\/enlamira.info\/index.php\/wp-json\/wp\/v2\/media\/2044"}],"wp:attachment":[{"href":"https:\/\/enlamira.info\/index.php\/wp-json\/wp\/v2\/media?parent=2042"}],"wp:term":[{"taxonomy":"category","embeddable":true,"href":"https:\/\/enlamira.info\/index.php\/wp-json\/wp\/v2\/categories?post=2042"},{"taxonomy":"post_tag","embeddable":true,"href":"https:\/\/enlamira.info\/index.php\/wp-json\/wp\/v2\/tags?post=2042"}],"curies":[{"name":"wp","href":"https:\/\/api.w.org\/{rel}","templated":true}]}}