{"id":2038,"date":"2024-03-26T11:38:17","date_gmt":"2024-03-26T14:38:17","guid":{"rendered":"https:\/\/enlamira.info\/?p=2038"},"modified":"2024-03-26T21:17:19","modified_gmt":"2024-03-27T00:17:19","slug":"un-fiscal-denuncio-a-estela-de-carlotto-por-incitacion-a-la-violencia-tras-sus-dichos-contra-milei","status":"publish","type":"post","link":"https:\/\/enlamira.info\/index.php\/2024\/03\/26\/un-fiscal-denuncio-a-estela-de-carlotto-por-incitacion-a-la-violencia-tras-sus-dichos-contra-milei\/","title":{"rendered":"Un fiscal denunci\u00f3 a Estela de Carlotto por \u201cincitaci\u00f3n a la violencia\u201d, tras sus dichos contra Milei"},"content":{"rendered":"\n<p>La titular de Abuelas de Plaza de Mayo hab\u00eda pedido que el Presidente \u201cse vaya r\u00e1pido\u201d durante el acto por el D\u00eda de la Memoria, Verdad y Justicia del pasado domingo.<\/p>\n\n\n\n<p>En medio del malestar causado por la\u00a0postura del Gobierno\u00a0libertario ante el\u00a0D\u00eda de la Memoria, Verdad y Justicia\u00a0que se conmemor\u00f3 el pasado domingo 24 de marzo, el fiscal general de\u00a0Mar del Plata,\u00a0Juan Manuel Pettigiani, denunci\u00f3 a la presidenta de\u00a0Abuelas de Plaza de Mayo, Estela De Carlotto, por \u201camenaza de rebeli\u00f3n\u201d y \u201calzamiento en armas contra la Constituci\u00f3n\u201d.<\/p>\n\n\n\n<p>La acci\u00f3n llega despu\u00e9s de que la militante por los\u00a0Derechos Humanos\u00a0(DD.HH) se\u00f1alara durante su discurso en\u00a0Plaza de Mayo,\u00a0que el presidente\u00a0Javier Milei\u00a0\u201ccambie o se vaya r\u00e1pido\u201d. Lo que gener\u00f3 la furia de todo el entorno del libertario que sali\u00f3 a responder de forma oficial y ahora a trav\u00e9s de la Justicia.<\/p>\n\n\n\n<p>\u201cEl llamado a\u00a0que el Presidente\u00a0de la Naci\u00f3n \u2018se vaya r\u00e1pido\u2019\u00a0constituye una incitaci\u00f3n a despojarlo de su cargo mediante el uso de la fuerza, pues esta constituye la \u00fanica forma en que dicha amenaza se puede concretar\u201d, por lo que el funcionario judicial marplatense se\u00f1al\u00f3 que \u201cconstituir\u00eda la amenaza de rebeli\u00f3n\u201d.<\/p>\n\n\n\n<p>A lo que agrega: \u201cLa confirmaci\u00f3n del canal abierto por Carlotto con sus amenazas, se vi\u00f3 plasmado con las\u00a0amenazas recibidas por la Se\u00f1ora Vicepresidente de la Naci\u00f3n,\u00a0en el d\u00eda de la fecha, en la que recibi\u00f3\u0301 amenazas de muerte, v\u00eda la red social\u00a0X\u00a0(ex Twitter)\u201d, en referencia a los supuestos mensajes que recibi\u00f3\u00a0Victoria Villarruel.<\/p>\n\n\n\n<p>Carlotto fue una de las principales figuras en el escenario montado frente a\u00a0Casa Rosada, para conmemorar a las v\u00edctimas del terrorismo\u00a0de Estado\u00a0causado por la \u00faltima dictadura militar, y al momento de definir a Milei, dispar\u00f3: \u201cEs un extra\u00f1o personaje. Hagamos algo para que cambie o que se vaya r\u00e1pido\u201d.<\/p>\n\n\n\n<p>\u201cSeguimos reclamando una ley contra el negacionismo que sancione a funcionarios y funcionarias, y representantes elegidos que desestimen los cr\u00edmenes y a sus v\u00edctimas.\u00a0Vamos a seguir defendiendo las pol\u00edticas de estado de memoria, verdad y justicia construidas sobre consensos democr\u00e1ticos y sostenidas por trabajadores y trabajadoras, la secretar\u00eda de\u00a0Derechos Humanos\u00a0de la Naci\u00f3n debe continuar siendo querellante en los juicios de lesa humanidad\u201d, expres\u00f3 la madre de desaparecidos respecto a la postura que mantiene la gesti\u00f3n libertaria.<\/p>\n","protected":false},"excerpt":{"rendered":"<p>La titular de Abuelas de Plaza de Mayo hab\u00eda pedido que el Presidente \u201cse vaya r\u00e1pido\u201d durante el acto por el D\u00eda de la Memoria, Verdad y Justicia del pasado domingo. En medio del malestar causado por la\u00a0postura del Gobierno\u00a0libertario ante el\u00a0D\u00eda de la Memoria, Verdad y Justicia\u00a0que se conmemor\u00f3 el pasado domingo 24 de [&hellip;]<\/p>\n","protected":false},"author":2,"featured_media":2060,"comment_status":"open","ping_status":"open","sticky":false,"template":"","format":"standard","meta":{"footnotes":""},"categories":[20],"tags":[],"_links":{"self":[{"href":"https:\/\/enlamira.info\/index.php\/wp-json\/wp\/v2\/posts\/2038"}],"collection":[{"href":"https:\/\/enlamira.info\/index.php\/wp-json\/wp\/v2\/posts"}],"about":[{"href":"https:\/\/enlamira.info\/index.php\/wp-json\/wp\/v2\/types\/post"}],"author":[{"embeddable":true,"href":"https:\/\/enlamira.info\/index.php\/wp-json\/wp\/v2\/users\/2"}],"replies":[{"embeddable":true,"href":"https:\/\/enlamira.info\/index.php\/wp-json\/wp\/v2\/comments?post=2038"}],"version-history":[{"count":2,"href":"https:\/\/enlamira.info\/index.php\/wp-json\/wp\/v2\/posts\/2038\/revisions"}],"predecessor-version":[{"id":2041,"href":"https:\/\/enlamira.info\/index.php\/wp-json\/wp\/v2\/posts\/2038\/revisions\/2041"}],"wp:featuredmedia":[{"embeddable":true,"href":"https:\/\/enlamira.info\/index.php\/wp-json\/wp\/v2\/media\/2060"}],"wp:attachment":[{"href":"https:\/\/enlamira.info\/index.php\/wp-json\/wp\/v2\/media?parent=2038"}],"wp:term":[{"taxonomy":"category","embeddable":true,"href":"https:\/\/enlamira.info\/index.php\/wp-json\/wp\/v2\/categories?post=2038"},{"taxonomy":"post_tag","embeddable":true,"href":"https:\/\/enlamira.info\/index.php\/wp-json\/wp\/v2\/tags?post=2038"}],"curies":[{"name":"wp","href":"https:\/\/api.w.org\/{rel}","templated":true}]}}