{"id":20298,"date":"2025-12-05T13:55:46","date_gmt":"2025-12-05T16:55:46","guid":{"rendered":"https:\/\/enlamira.info\/?p=20298"},"modified":"2025-12-05T13:55:46","modified_gmt":"2025-12-05T16:55:46","slug":"avellaneda-asumieron-los-nuevos-consejeros-escolares-y-por-primera-vez-la-oposicion-entra-a-la-mesa-chica","status":"publish","type":"post","link":"https:\/\/enlamira.info\/index.php\/2025\/12\/05\/avellaneda-asumieron-los-nuevos-consejeros-escolares-y-por-primera-vez-la-oposicion-entra-a-la-mesa-chica\/","title":{"rendered":"Avellaneda: Asumieron los nuevos consejeros escolares y, por primera vez, la oposici\u00f3n entra a la mesa chica"},"content":{"rendered":"\n<hr class=\"wp-block-separator has-alpha-channel-opacity\"\/>\n\n\n\n<p>Con acto formal, foto protocolar y alguna que otra sonrisa contenida, asumieron los nuevos integrantes del <strong>Consejo Escolar de Avellaneda<\/strong>, que tendr\u00e1n mandato por los pr\u00f3ximos cuatro a\u00f1os.<br>Pero la novedad no fue la jura, ni los nombres ya conocidos del oficialismo.<br>La noticia fuerte es otra: <strong>por primera vez en a\u00f1os, la oposici\u00f3n logr\u00f3 meterse en la estructura de decisi\u00f3n del Consejo<\/strong>. Algo hist\u00f3rico para la pol\u00edtica educativa local.<\/p>\n\n\n\n<p>La nueva conformaci\u00f3n qued\u00f3 as\u00ed:<\/p>\n\n\n\n<p><strong>Presidente:<\/strong> Pablo Esposito (PJ)<br><strong>Vicepresidente:<\/strong> Mauro Nipoti (UCR)<br><strong>Secretario:<\/strong> Emiliano Fari\u00f1a (PJ)<br><strong>Tesorera:<\/strong> Jimena Duarte (PJ)<br><strong>1\u00b0 vocal:<\/strong> Drusila Garc\u00eda (PJ)<br><strong>2\u00b0 vocal:<\/strong> Jimena Olaciregui (PJ)<br><strong>3\u00b0 vocal:<\/strong> Claudia Florencia Rodr\u00edguez (PJ)<br><strong>4\u00b0 vocal:<\/strong> Gabriela P\u00e9rez (PRO \u2013 LLA)<br><strong>5\u00b0 vocal:<\/strong> Mart\u00edn Centuri\u00f3n (LLA)<br><strong>6\u00b0 vocal:<\/strong> Florencia Parra Peter (LLA)<\/p>\n\n\n\n<p>S\u00ed, ley\u00f3 bien: entraron <strong>la UCR<\/strong>, <strong>el PRO<\/strong> y <strong>La Libertad Avanza<\/strong>.<br>Un mapa pol\u00edtico variado, in\u00e9dito y que promete m\u00e1s de un cruce en las reuniones de trabajo.<\/p>\n\n\n\n<p>Desde distintos sectores opositores remarcan la importancia del hecho:<br>&#8220;Despu\u00e9s de a\u00f1os donde el Consejo era un club cerrado del oficialismo, hoy se abre una silla para controlar, debatir y aportar. Es saludable para la educaci\u00f3n y para la democracia\u201d, comentaron.<\/p>\n\n\n\n<p>Del lado del oficialismo, celebran que la nueva conducci\u00f3n mantenga su mayor\u00eda pero reconocen que la mesa ser\u00e1 m\u00e1s diversa y el di\u00e1logo, inevitablemente, m\u00e1s picante.<\/p>\n\n\n\n<p>Quienes conocen el pa\u00f1o educativo local anticipan que los grandes temas ya est\u00e1n sobre la mesa: infraestructura escolar, calefacci\u00f3n, alimentos, transporte para actividades, mantenimiento y obras.<br>Y ahora, con voces nuevas y miradas distintas, habr\u00e1 m\u00e1s discusi\u00f3n\u2026 y tal vez m\u00e1s soluciones.<\/p>\n\n\n\n<p>En definitiva, el Consejo Escolar arranca una etapa donde, al fin, <strong>nadie podr\u00e1 decir que las decisiones se toman entre pocos<\/strong>.<br>La pol\u00edtica local, aunque sea por un ratito, dio un paso hacia la pluralidad. En Avellaneda, eso ya es noticia.<\/p>\n\n\n\n<hr class=\"wp-block-separator has-alpha-channel-opacity\"\/>\n","protected":false},"excerpt":{"rendered":"<p>Con acto formal, foto protocolar y alguna que otra sonrisa contenida, asumieron los nuevos integrantes del Consejo Escolar de Avellaneda, que tendr\u00e1n mandato por los pr\u00f3ximos cuatro a\u00f1os.Pero la novedad no fue la jura, ni los nombres ya conocidos del oficialismo.La noticia fuerte es otra: por primera vez en a\u00f1os, la oposici\u00f3n logr\u00f3 meterse en [&hellip;]<\/p>\n","protected":false},"author":4,"featured_media":20300,"comment_status":"open","ping_status":"open","sticky":false,"template":"","format":"standard","meta":{"footnotes":""},"categories":[1,20,5],"tags":[2086],"_links":{"self":[{"href":"https:\/\/enlamira.info\/index.php\/wp-json\/wp\/v2\/posts\/20298"}],"collection":[{"href":"https:\/\/enlamira.info\/index.php\/wp-json\/wp\/v2\/posts"}],"about":[{"href":"https:\/\/enlamira.info\/index.php\/wp-json\/wp\/v2\/types\/post"}],"author":[{"embeddable":true,"href":"https:\/\/enlamira.info\/index.php\/wp-json\/wp\/v2\/users\/4"}],"replies":[{"embeddable":true,"href":"https:\/\/enlamira.info\/index.php\/wp-json\/wp\/v2\/comments?post=20298"}],"version-history":[{"count":1,"href":"https:\/\/enlamira.info\/index.php\/wp-json\/wp\/v2\/posts\/20298\/revisions"}],"predecessor-version":[{"id":20301,"href":"https:\/\/enlamira.info\/index.php\/wp-json\/wp\/v2\/posts\/20298\/revisions\/20301"}],"wp:featuredmedia":[{"embeddable":true,"href":"https:\/\/enlamira.info\/index.php\/wp-json\/wp\/v2\/media\/20300"}],"wp:attachment":[{"href":"https:\/\/enlamira.info\/index.php\/wp-json\/wp\/v2\/media?parent=20298"}],"wp:term":[{"taxonomy":"category","embeddable":true,"href":"https:\/\/enlamira.info\/index.php\/wp-json\/wp\/v2\/categories?post=20298"},{"taxonomy":"post_tag","embeddable":true,"href":"https:\/\/enlamira.info\/index.php\/wp-json\/wp\/v2\/tags?post=20298"}],"curies":[{"name":"wp","href":"https:\/\/api.w.org\/{rel}","templated":true}]}}