{"id":20282,"date":"2025-12-04T00:02:00","date_gmt":"2025-12-04T03:02:00","guid":{"rendered":"https:\/\/enlamira.info\/?p=20282"},"modified":"2025-12-03T23:00:16","modified_gmt":"2025-12-04T02:00:16","slug":"almirante-brown-conmemoro-el-dia-de-las-personas-con-discapacidad-sumando-propuestas-artisticas-y-culturales","status":"publish","type":"post","link":"https:\/\/enlamira.info\/index.php\/2025\/12\/04\/almirante-brown-conmemoro-el-dia-de-las-personas-con-discapacidad-sumando-propuestas-artisticas-y-culturales\/","title":{"rendered":"Almirante Brown conmemor\u00f3 el D\u00eda de las Personas con discapacidad sumando propuestas art\u00edsticas y culturales"},"content":{"rendered":"\n<p>El Municipio de Almirante Brown llev\u00f3 adelante dos propuestas en el marco del D\u00eda Internacional de los Derechos de las Personas con Discapacidad: una jornada comunitaria con exposici\u00f3n de proyectos en Burzaco y un Encuentro Cultural inclusivo con m\u00faltiples actividades art\u00edsticas.<\/p>\n\n\n\n<p>La primera actividad fue la \u201cExpo Proyectos\u201d que se desarroll\u00f3 en la Plaza de la Memoria, ubicada junto al Centro de Acceso a Derechos para las Personas con Discapacidad de Burzaco, con el objetivo de visibilizar iniciativas productivas, educativas, art\u00edsticas y comunitarias desarrolladas por los participantes.<\/p>\n\n\n\n<p>En esta edici\u00f3n, m\u00e1s de una veintena de instituciones exhibieron y comercializaron trabajos que destacaron la creatividad, las habilidades y la autonom\u00eda de cada grupo.<\/p>\n\n\n\n<p>De forma simult\u00e1nea se realiz\u00f3 una actividad art\u00edstica de sensibilizaci\u00f3n, donde se intervinieron l\u00e1minas representando distintos derechos fundamentales bajo el lema \u201cCompartimos un sue\u00f1o\u201d.<\/p>\n\n\n\n<p>La jornada concluy\u00f3 con una suelta simb\u00f3lica de globos con mensajes elaborados por j\u00f3venes, en un gesto que busc\u00f3 visibilizar sus deseos, aspiraciones y proyectos de vida.<\/p>\n\n\n\n<p>La segunda propuesta fue un Encuentro Cultural por los Derechos de las Personas con Discapacidad, que reuni\u00f3 en la Casa de la Cultura de Adrogu\u00e9 diversas actividades formativas y expresivas, como la premiaci\u00f3n del concurso \u201cVerte Volar\u201d, un desfile inclusivo cultural, muestras de cine, clases abiertas de danza y teatro, presentaciones esc\u00e9nicas y un cierre musical a cargo del coro de Verte Volar y la Banda Reciclados, acompa\u00f1ado por un baile inclusivo en el Espacio Soldi.<\/p>\n\n\n\n<p>Todas estas acciones pusieron en valor la participaci\u00f3n de artistas, instituciones y colectivos culturales comprometidos con una comunidad m\u00e1s accesible e integrada.<\/p>\n\n\n\n<p>Mariano Cascallares destac\u00f3 en este marco el compromiso del distrito con la inclusi\u00f3n y expres\u00f3: \u201cEn el D\u00eda de las Personas con Discapacidad renovamos nuestro compromiso con la integraci\u00f3n y la igualdad de oportunidades para todas y todos nuestros vecinos. No se trata de tener derecho a ser iguales. Se trata de tener igual derecho a ser diferentes\u201d.<\/p>\n\n\n\n<p>Cabe destacar que en el marco de estas actividades el Municipio de Almirante Brown realizar\u00e1 este domingo 7 de diciembre  una nueva edici\u00f3n de la \u201cCarrera por Todos\u201d donde m\u00e1s de 2700 vecinos participar\u00e1n de las pruebas de 7 y 3 kil\u00f3metros por las calles de Adrogu\u00e9.<\/p>\n\n\n\n<p>Del desarrollo de las actividades participaron autoridades del Ministerio de Desarrollo de la Comunidad de la provincia de Buenos Aires, y tambi\u00e9n la jefa de Gabinete Municipal, Paula Eichel; el presidente del Concejo Deliberante, Nicol\u00e1s Jawtuschenko; la secretaria de Desarrollo, Seguridad Social y Derechos Humanos, B\u00e1rbara Mi\u00f1an; y el secretario de Educaci\u00f3n, Ciencia y Tecnolog\u00eda, Sergio Pianciola.<\/p>\n\n\n\n<p>Tambi\u00e9n el presidente del Instituto Municipal de las Culturas, Juan Manuel Pereira Benitez; la presidenta del Consejo Municipal Asesor de Inclusi\u00f3n para Personas con Discapacidad, Nora Saporitti; el director general de Inclusi\u00f3n para Personas con Discapacidad, Mariano Colombo; y el director del Deporte Adaptado, Gustavo Borro. Dom\u00ednguez, entre otras autoridades.<\/p>\n","protected":false},"excerpt":{"rendered":"<p>El Municipio de Almirante Brown llev\u00f3 adelante dos propuestas en el marco del D\u00eda Internacional de los Derechos de las Personas con Discapacidad: una jornada comunitaria con exposici\u00f3n de proyectos en Burzaco y un Encuentro Cultural inclusivo con m\u00faltiples actividades art\u00edsticas. La primera actividad fue la \u201cExpo Proyectos\u201d que se desarroll\u00f3 en la Plaza de [&hellip;]<\/p>\n","protected":false},"author":4,"featured_media":20280,"comment_status":"open","ping_status":"open","sticky":false,"template":"","format":"standard","meta":{"footnotes":""},"categories":[1],"tags":[1906,28],"_links":{"self":[{"href":"https:\/\/enlamira.info\/index.php\/wp-json\/wp\/v2\/posts\/20282"}],"collection":[{"href":"https:\/\/enlamira.info\/index.php\/wp-json\/wp\/v2\/posts"}],"about":[{"href":"https:\/\/enlamira.info\/index.php\/wp-json\/wp\/v2\/types\/post"}],"author":[{"embeddable":true,"href":"https:\/\/enlamira.info\/index.php\/wp-json\/wp\/v2\/users\/4"}],"replies":[{"embeddable":true,"href":"https:\/\/enlamira.info\/index.php\/wp-json\/wp\/v2\/comments?post=20282"}],"version-history":[{"count":1,"href":"https:\/\/enlamira.info\/index.php\/wp-json\/wp\/v2\/posts\/20282\/revisions"}],"predecessor-version":[{"id":20283,"href":"https:\/\/enlamira.info\/index.php\/wp-json\/wp\/v2\/posts\/20282\/revisions\/20283"}],"wp:featuredmedia":[{"embeddable":true,"href":"https:\/\/enlamira.info\/index.php\/wp-json\/wp\/v2\/media\/20280"}],"wp:attachment":[{"href":"https:\/\/enlamira.info\/index.php\/wp-json\/wp\/v2\/media?parent=20282"}],"wp:term":[{"taxonomy":"category","embeddable":true,"href":"https:\/\/enlamira.info\/index.php\/wp-json\/wp\/v2\/categories?post=20282"},{"taxonomy":"post_tag","embeddable":true,"href":"https:\/\/enlamira.info\/index.php\/wp-json\/wp\/v2\/tags?post=20282"}],"curies":[{"name":"wp","href":"https:\/\/api.w.org\/{rel}","templated":true}]}}