{"id":20271,"date":"2025-12-03T22:30:44","date_gmt":"2025-12-04T01:30:44","guid":{"rendered":"https:\/\/enlamira.info\/?p=20271"},"modified":"2025-12-03T22:30:44","modified_gmt":"2025-12-04T01:30:44","slug":"asociacion-argentina-de-derecho-politico-20-anos","status":"publish","type":"post","link":"https:\/\/enlamira.info\/index.php\/2025\/12\/03\/asociacion-argentina-de-derecho-politico-20-anos\/","title":{"rendered":"Asociaci\u00f3n Argentina de Derecho Pol\u00edtico: 20 a\u00f1os"},"content":{"rendered":"\n<p><strong>(Dr. Miguel Duarte*).-<\/strong>\u00a0El Derecho Pol\u00edtico es una disciplina clave para comprender la pol\u00edtica, el Estado y el Derecho positivo en sus v\u00ednculos e interrelaciones. En la obra de Mario Justo L\u00f3pez -un cl\u00e1sico de la materia- recoge conceptos de destacados catedr\u00e1ticos precursores de la disciplina:<\/p>\n\n\n\n<figure class=\"wp-block-image size-large\"><img loading=\"lazy\" decoding=\"async\" width=\"1024\" height=\"768\" src=\"https:\/\/enlamira.info\/wp-content\/uploads\/2025\/12\/839b7059-be20-4e2b-bece-583523b2f83f-1024x768.jpg\" alt=\"\" class=\"wp-image-20272\" srcset=\"https:\/\/enlamira.info\/wp-content\/uploads\/2025\/12\/839b7059-be20-4e2b-bece-583523b2f83f-1024x768.jpg 1024w, https:\/\/enlamira.info\/wp-content\/uploads\/2025\/12\/839b7059-be20-4e2b-bece-583523b2f83f-300x225.jpg 300w, https:\/\/enlamira.info\/wp-content\/uploads\/2025\/12\/839b7059-be20-4e2b-bece-583523b2f83f-768x576.jpg 768w, https:\/\/enlamira.info\/wp-content\/uploads\/2025\/12\/839b7059-be20-4e2b-bece-583523b2f83f-1536x1152.jpg 1536w, https:\/\/enlamira.info\/wp-content\/uploads\/2025\/12\/839b7059-be20-4e2b-bece-583523b2f83f.jpg 1600w\" sizes=\"(max-width: 1024px) 100vw, 1024px\" \/><\/figure>\n\n\n\n<p>\u2013 \u201c[E]s una de las Ciencias pol\u00edticas especiales, expresa la compenetraci\u00f3n de dos nociones, el Estado y el Derecho, y (\u2026) se funda necesariamente en una Teor\u00eda del Estado\u201d (Posada 1935).<\/p>\n\n\n\n<p>\u2013 \u201cLa relaci\u00f3n del Derecho con el Estado y en el Estado constituye la base del Derecho Pol\u00edtico\u201d (M. de Vedia y Mitre 1946).<\/p>\n\n\n\n<p>\u2013 \u201c[H]ace una clara alusi\u00f3n, desde el punto de vista etimol\u00f3gico, a constituir esa ciencia como una rama de las disciplinas jur\u00eddicas, cali\ufb01cada por su segundo t\u00e9rmino\u201d (L. Sanchez Agesta 1959).<\/p>\n\n\n\n<p>Con un enfoque actual, junto a la Inteligencia Arti\ufb01cial, se\u00f1alamos que el Derecho Pol\u00edtico es la rama del Derecho P\u00fablico que estudia la estructura y organizaci\u00f3n del Estado, las formas de gobierno, las relaciones entre Estado y Sociedad, los partidos pol\u00edticos y sistemas de partidos, la ciudadan\u00eda, el proceso de toma de decisiones y la participaci\u00f3n ciudadana. En esencia, se ocupa del poder, su origen, ejercicio y l\u00edmites. Y, claramente, estudia el fen\u00f3meno del poder pol\u00edtico.<\/p>\n\n\n\n<h5 class=\"wp-block-heading\">Creaci\u00f3n de la Asociaci\u00f3n Argentina de Derecho Pol\u00edtico<\/h5>\n\n\n\n<p>Luego de varios encuentros y jornadas que quedan como antecedentes, La Asociaci\u00f3n Argentina de Derecho Pol\u00edtico fue creada el 28 de noviembre de 2005 en la sede del Colegio de Abogados donde se aprob\u00f3 el estatuto de la Asociaci\u00f3n y se eligieron autoridades para el per\u00edodo 2005-2008.<\/p>\n\n\n\n<h5 class=\"wp-block-heading\">Miembros Honorarios<\/h5>\n\n\n\n<p>En 2005, se designaron Miembros Honorarios a los Profesores Pedro J. Frias, Francisco Cerro, Jorge Reinaldo Vanossi, Horacio Sanguinetti, Carlos Fayt y Por\ufb01rio A. Aquino. Se realiz\u00f3 un reconocimiento post-morten a Juan Carlos Rubinstein. Luego, en 2024 se design\u00f3 Miembro Honorario a Juan Carlos Corbetta.<\/p>\n\n\n\n<h5 class=\"wp-block-heading\">Pilares de la AADP<\/h5>\n\n\n\n<p>Entre los pilares que sobresalen en el dise\u00f1o institucional, en los aspectos organizacionales, en la representaci\u00f3n y en la identidad de la Asociaci\u00f3n, se\u00f1alamos los siguientes: Democracia, Federalismo, Pluralismo, Inclusi\u00f3n con perspectiva de G\u00e9nero, Innovaci\u00f3n, Calidad Acad\u00e9mica, Investigaci\u00f3n Cient\u00ed\ufb01ca y Con\ufb01anza.<\/p>\n\n\n\n<h5 class=\"wp-block-heading\">Autoridades<\/h5>\n\n\n\n<p>El 14 de octubre de 2025 fueron elegidas las nuevas autoridades de la Asociaci\u00f3n Argentina de Derecho Pol\u00edtico por un per\u00edodo de tres a\u00f1os:<\/p>\n\n\n\n<p>Presidente: Miguel Duarte (UNC)<\/p>\n\n\n\n<p>Vicepresidentes:<\/p>\n\n\n\n<p>1\u00b0: Gustavo Dami\u00e1n Gonz\u00e1lez (UBA)<\/p>\n\n\n\n<p>2\u00b0: Maria Laura Moreno (UNLaR)<\/p>\n\n\n\n<p>3\u00b0: Mat\u00edas M.M. Mussuto (UNCuyo)<\/p>\n\n\n\n<p>4\u00b0: Ana Mar\u00eda Raggio (UNR)<\/p>\n\n\n\n<p>Sec. Gral.: Adriana Vercellone (UNC)<\/p>\n\n\n\n<p>Prosec. Gral.: Rodrigo L\u00f3pez Tais (UES21)<\/p>\n\n\n\n<p>Tesorero: Gast\u00f3n Mena Contessi (UNC)<\/p>\n\n\n\n<p>Protesorero: Cecilia Carrera (UBP)<\/p>\n\n\n\n<p>VOCALES TITULARES<\/p>\n\n\n\n<p>1\u00b0 Emilio Alderete Avalos (UBA)<\/p>\n\n\n\n<p>2\u00b0 Eugenia Carranza (UNCa)<\/p>\n\n\n\n<p>3\u00b0 M\u00f3nica Presser (UNLaR)<\/p>\n\n\n\n<p>4\u00b0 Miguel Del Pino D\u00edaz (UNC)<\/p>\n\n\n\n<p>5\u00b0 Claudia Asin (UNTdF AeIAS)<\/p>\n\n\n\n<p>VOCALES SUPLENTES<\/p>\n\n\n\n<p>1\u00b0 Maximiliano D\u00edaz (UNCa)<\/p>\n\n\n\n<p>2\u00b0 Patricia Suchowieski (Misiones)<\/p>\n\n\n\n<p>3\u00b0 Esteban Coalova (UNC)<\/p>\n\n\n\n<p>4\u00b0 Luciana Sequeira (estud.UNC)<\/p>\n\n\n\n<p>5\u00b0 Agust\u00edn Tiraboschi (estud.UNC)<\/p>\n\n\n\n<p>COMISI\u00d3N REVISORA DE CUENTAS<\/p>\n\n\n\n<p>Vocal Titular: Edgar Gustavo Fern\u00e1ndez Su\u00e1rez (UNC)<\/p>\n\n\n\n<p>Vocal Suplente: Julieta Astorga (UNCa)<\/p>\n\n\n\n<h5 class=\"wp-block-heading\">Eventos organizados por la Asociaci\u00f3n Argentina de Derecho Pol\u00edtico<\/h5>\n\n\n\n<p>La AADP cumple 20 a\u00f1os de existencia institucional. Durante estas dos d\u00e9cadas se realizaron 18 Jornadas, 2 cursos, 1 concurso de monograf\u00edas, m\u00e1s de 20 conversatorios virtuales, mesas de trabajo, talleres y 18 congresos nacionales en distintas universidades e instituciones educativas de la Argentina:<\/p>\n\n\n\n<p>-I Congreso: Universidad Nacional del Nordeste 2004.<\/p>\n\n\n\n<p>-II Congreso: Universidad Nacional de La Plata 2005.<\/p>\n\n\n\n<p>-III Congreso: Universidad Nacional de C\u00f3rdoba 2006.<\/p>\n\n\n\n<p>-IV Congreso: Universidad Nacional de Rosario 2007.<\/p>\n\n\n\n<p>-V Congreso: Universidad Nacional de La Rioja 2008.<\/p>\n\n\n\n<p>-VI Congreso: Universidad Nacional de Catamarca 2009.<\/p>\n\n\n\n<p>-VII Congreso: Universidad Nacional de Cuyo 2010.<\/p>\n\n\n\n<p>-VIII Congreso: Universidad Nacional de C\u00f3rdoba 2011<\/p>\n\n\n\n<p>-IX Congreso: Universidad Nacional de Rosario 2012<\/p>\n\n\n\n<p>-X Congreso: Universidad de Salta, en Corrientes 2013<\/p>\n\n\n\n<p>-XI Congreso: Universidad Nacional del Noroeste de la Provincia de Buenos Aires 2014.<\/p>\n\n\n\n<p>-XII Congreso: Universidad de Buenos Aires 2015.<\/p>\n\n\n\n<p>-XIII Congreso: Universidad Nacional de Rosario 2016.<\/p>\n\n\n\n<p>-XIV Congreso: Universidad Nacional del Nordeste 2018.<\/p>\n\n\n\n<p>-XV Congreso: Universidad Nacional de C\u00f3rdoba 2019.<\/p>\n\n\n\n<p>-XVI Congreso: Instituto de Estudios Superiores \u201cHernando Arias de Saavedra\u201d, Posadas Misiones, 2022.<\/p>\n\n\n\n<p>-XVII Congreso: Universidad Nacional de La Rioja 2023.<\/p>\n\n\n\n<p>-XVIII Congreso: Universidad de Buenos Aires 2024.<\/p>\n\n\n\n<h5 class=\"wp-block-heading\">Palabras \ufb01nales<\/h5>\n\n\n\n<p>Vivimos un contexto pol\u00edtico, social e institucional de profunda transformaci\u00f3n y debate, nuestra Asociaci\u00f3n debe erigirse como un faro de an\u00e1lisis riguroso y plural, impulsando el fortalecimiento de la Rep\u00fablica y la calidad democr\u00e1tica.<\/p>\n\n\n\n<p>Tenemos el desaf\u00edo de convertirnos en un equipo s\u00f3lido, capaz de generar eventos, contenidos y contribuciones importantes para la vida acad\u00e9mica, la investigaci\u00f3n cient\u00ed\ufb01ca y la sociedad en su conjunto. A eso nos dedicaremos los pr\u00f3ximos a\u00f1os de gesti\u00f3n.<\/p>\n\n\n\n<p>*<strong>Miguel Duarte es Doctor en Ciencia Pol\u00edtica UNC; Licenciado en Ciencia Pol\u00edtica UCC; Profesor de Derecho Pol\u00edtico en la Facultad de Derecho UNC; Presidente de la AADP 2025 a 2028.<\/strong><\/p>\n","protected":false},"excerpt":{"rendered":"<p>(Dr. Miguel Duarte*).-\u00a0El Derecho Pol\u00edtico es una disciplina clave para comprender la pol\u00edtica, el Estado y el Derecho positivo en sus v\u00ednculos e interrelaciones. En la obra de Mario Justo L\u00f3pez -un cl\u00e1sico de la materia- recoge conceptos de destacados catedr\u00e1ticos precursores de la disciplina: \u2013 \u201c[E]s una de las Ciencias pol\u00edticas especiales, expresa la [&hellip;]<\/p>\n","protected":false},"author":4,"featured_media":20273,"comment_status":"open","ping_status":"open","sticky":false,"template":"","format":"standard","meta":{"footnotes":""},"categories":[1,20,34],"tags":[2083,2084],"_links":{"self":[{"href":"https:\/\/enlamira.info\/index.php\/wp-json\/wp\/v2\/posts\/20271"}],"collection":[{"href":"https:\/\/enlamira.info\/index.php\/wp-json\/wp\/v2\/posts"}],"about":[{"href":"https:\/\/enlamira.info\/index.php\/wp-json\/wp\/v2\/types\/post"}],"author":[{"embeddable":true,"href":"https:\/\/enlamira.info\/index.php\/wp-json\/wp\/v2\/users\/4"}],"replies":[{"embeddable":true,"href":"https:\/\/enlamira.info\/index.php\/wp-json\/wp\/v2\/comments?post=20271"}],"version-history":[{"count":1,"href":"https:\/\/enlamira.info\/index.php\/wp-json\/wp\/v2\/posts\/20271\/revisions"}],"predecessor-version":[{"id":20274,"href":"https:\/\/enlamira.info\/index.php\/wp-json\/wp\/v2\/posts\/20271\/revisions\/20274"}],"wp:featuredmedia":[{"embeddable":true,"href":"https:\/\/enlamira.info\/index.php\/wp-json\/wp\/v2\/media\/20273"}],"wp:attachment":[{"href":"https:\/\/enlamira.info\/index.php\/wp-json\/wp\/v2\/media?parent=20271"}],"wp:term":[{"taxonomy":"category","embeddable":true,"href":"https:\/\/enlamira.info\/index.php\/wp-json\/wp\/v2\/categories?post=20271"},{"taxonomy":"post_tag","embeddable":true,"href":"https:\/\/enlamira.info\/index.php\/wp-json\/wp\/v2\/tags?post=20271"}],"curies":[{"name":"wp","href":"https:\/\/api.w.org\/{rel}","templated":true}]}}