{"id":20262,"date":"2025-12-03T14:06:09","date_gmt":"2025-12-03T17:06:09","guid":{"rendered":"https:\/\/enlamira.info\/?p=20262"},"modified":"2025-12-03T14:06:09","modified_gmt":"2025-12-03T17:06:09","slug":"cristian-bonazzola-vecino-de-villa-inflamable-cruzo-la-visita-de-kicillof-y-ferraresi-vienen-maquillan-todo-y-se-van","status":"publish","type":"post","link":"https:\/\/enlamira.info\/index.php\/2025\/12\/03\/cristian-bonazzola-vecino-de-villa-inflamable-cruzo-la-visita-de-kicillof-y-ferraresi-vienen-maquillan-todo-y-se-van\/","title":{"rendered":"Cristian Bonazzola, vecino de Villa Inflamable, cruz\u00f3 la visita de Kicillof y Ferraresi: \u201cVienen, maquillan todo y se van\u201d"},"content":{"rendered":"\n<hr class=\"wp-block-separator has-alpha-channel-opacity\"\/>\n\n\n\n<p>Ayer, en la redacci\u00f3n de La Mira, empezaron a llegar fotos y videos de vecinos de Villa Inflamable que advert\u00edan algo raro. Cuatro camiones repletos de empleados municipales bajando en distintos puntos del barrio para hacer lo que casi nunca hacen: limpiar, cortar pasto, pintar cordones, ordenar espacios p\u00fablicos. Una coreograf\u00eda perfecta para una visita importante.<\/p>\n\n\n\n<p>Y, como casi siempre, el olfato del vecino es m\u00e1s certero que cualquier comunicado oficial: horas despu\u00e9s se confirm\u00f3 el motivo del apuro. Llegaban el intendente Jorge Ferraresi, su esposa Magdalena y el gobernador Axel Kicillof para inaugurar un nuevo club en el barrio.<\/p>\n\n\n\n<p>Hasta ah\u00ed, todo bien. Un club nuevo siempre suma. El problema, seg\u00fan Cristian Bonazzola, vecino de toda la vida, es la mentira estructural que rodea estas visitas. Lo resumi\u00f3 sin filtro: vienen, maquillan el barrio para la foto, inauguran algo y se van. Lo de fondo, lo que de verdad duele, sigue igual.<\/p>\n\n\n\n<p>Bonazzola lanz\u00f3 una primera advertencia: teme que ese club nuevo termine siendo un espacio para la militancia del intendente y no para todos los chicos del barrio. Relat\u00f3 que en ocasiones anteriores hubo discriminaci\u00f3n hacia hijos de vecinos que no comulgaban con el color pol\u00edtico del municipio.<\/p>\n\n\n\n<p>Pero lo m\u00e1s duro lleg\u00f3 cuando habl\u00f3 de lo que sufren todos los d\u00edas.<\/p>\n\n\n\n<p>Villa Inflamable se sigue inundando. Despu\u00e9s de cada lluvia, aunque salga el sol, las familias tienen agua, barro y humedad dentro de sus casas por una semana o m\u00e1s. Con ni\u00f1os con problemas respiratorios, con adultos asm\u00e1ticos, con gente que se enferma justamente por vivir con ese foco de humedad constante. Y eso no es todo.<\/p>\n\n\n\n<p>No hay cloacas. En pleno siglo XXI, cuando la Organizaci\u00f3n Mundial de la Salud dice que no tener cloacas y agua potable reduce a\u00f1os de vida. Tampoco est\u00e1n asfaltadas todas las calles. El barrio sigue atrapado en un atraso estructural que nadie quiere enfrentar.<\/p>\n\n\n\n<figure class=\"wp-block-image size-full\"><img loading=\"lazy\" decoding=\"async\" width=\"900\" height=\"596\" src=\"https:\/\/enlamira.info\/wp-content\/uploads\/2025\/12\/64311.jpeg\" alt=\"\" class=\"wp-image-20266\" srcset=\"https:\/\/enlamira.info\/wp-content\/uploads\/2025\/12\/64311.jpeg 900w, https:\/\/enlamira.info\/wp-content\/uploads\/2025\/12\/64311-300x199.jpeg 300w, https:\/\/enlamira.info\/wp-content\/uploads\/2025\/12\/64311-768x509.jpeg 768w\" sizes=\"(max-width: 900px) 100vw, 900px\" \/><\/figure>\n\n\n\n<p>A eso se suma otro drama hist\u00f3rico: la droga. Seg\u00fan los vecinos, hay muchos puntos de venta y todos lo saben. Lo saben los habitantes, lo sabe la polic\u00eda, lo sabe el municipio. Y sin embargo, nada cambia.<\/p>\n\n\n\n<p>Y est\u00e1 el tema ambiental. La Corte Suprema de Justicia fue clar\u00edsima hace m\u00e1s de una d\u00e9cada: ning\u00fan ser humano puede vivir en las condiciones ambientales que tiene Villa Inflamable. Y sin embargo, ahora quieren construir nuevas viviendas ah\u00ed mismo, donde la justicia dijo que era inviable. \u00bfEn qu\u00e9 quedamos? La doble vara de siempre.<\/p>\n\n\n\n<figure class=\"wp-block-image size-large\"><img loading=\"lazy\" decoding=\"async\" width=\"1024\" height=\"681\" src=\"https:\/\/enlamira.info\/wp-content\/uploads\/2025\/12\/594058764_1397111075108290_3377865825038291569_n-1024x681.jpg\" alt=\"\" class=\"wp-image-20267\" srcset=\"https:\/\/enlamira.info\/wp-content\/uploads\/2025\/12\/594058764_1397111075108290_3377865825038291569_n-1024x681.jpg 1024w, https:\/\/enlamira.info\/wp-content\/uploads\/2025\/12\/594058764_1397111075108290_3377865825038291569_n-300x199.jpg 300w, https:\/\/enlamira.info\/wp-content\/uploads\/2025\/12\/594058764_1397111075108290_3377865825038291569_n-768x511.jpg 768w, https:\/\/enlamira.info\/wp-content\/uploads\/2025\/12\/594058764_1397111075108290_3377865825038291569_n.jpg 1280w\" sizes=\"(max-width: 1024px) 100vw, 1024px\" \/><\/figure>\n\n\n\n<figure class=\"wp-block-image size-full\"><img loading=\"lazy\" decoding=\"async\" width=\"300\" height=\"168\" src=\"https:\/\/enlamira.info\/wp-content\/uploads\/2025\/12\/images-17.jpg\" alt=\"\" class=\"wp-image-20268\"\/><\/figure>\n\n\n\n<p>Bonazzola tambi\u00e9n cuestion\u00f3 la sensibilidad social de quienes dicen representar al pueblo. Se\u00f1al\u00f3 que muchos funcionarios hablan de amor al pr\u00f3jimo, pero jam\u00e1s vivieron la necesidad real. Hoy, explic\u00f3, la gente come un guiso de fideos con alitas de pollo cuando hay suerte. Esa es la vida cotidiana de Villa Inflamable, muy lejos de las oficinas con aire acondicionado.<\/p>\n\n\n\n<p>En ese contexto, Bonazzola destac\u00f3 el trabajo de La Voz del Vecino y de Marcelo Brunwald, recordando las coberturas en inundaciones, el barrio Vag\u00f3n y la difusi\u00f3n de los problemas que nadie mostraba. Dijo que muchos vecinos conocieron por primera vez Villa Inflamable gracias a esas transmisiones.<\/p>\n\n\n\n<p>Para cerrar, sum\u00f3 otra preocupaci\u00f3n: los j\u00f3venes. A los 16 a\u00f1os pueden votar, pero no pueden trabajar. Pidi\u00f3 que los nuevos legisladores revisen esa contradicci\u00f3n y que se generen m\u00e1s talleres de oficio para los chicos del barrio.<\/p>\n\n\n\n<p>Una vez m\u00e1s, Villa Inflamable queda maquillada para la foto oficial, mientras la vida real sigue exactamente igual cuando las c\u00e1maras se van.<\/p>\n\n\n\n<figure class=\"wp-block-image size-full\"><img loading=\"lazy\" decoding=\"async\" width=\"300\" height=\"168\" src=\"https:\/\/enlamira.info\/wp-content\/uploads\/2025\/12\/images-18.jpg\" alt=\"\" class=\"wp-image-20265\"\/><\/figure>\n","protected":false},"excerpt":{"rendered":"<p>Ayer, en la redacci\u00f3n de La Mira, empezaron a llegar fotos y videos de vecinos de Villa Inflamable que advert\u00edan algo raro. Cuatro camiones repletos de empleados municipales bajando en distintos puntos del barrio para hacer lo que casi nunca hacen: limpiar, cortar pasto, pintar cordones, ordenar espacios p\u00fablicos. Una coreograf\u00eda perfecta para una visita [&hellip;]<\/p>\n","protected":false},"author":4,"featured_media":20269,"comment_status":"open","ping_status":"open","sticky":false,"template":"","format":"standard","meta":{"footnotes":""},"categories":[1,23,34],"tags":[],"_links":{"self":[{"href":"https:\/\/enlamira.info\/index.php\/wp-json\/wp\/v2\/posts\/20262"}],"collection":[{"href":"https:\/\/enlamira.info\/index.php\/wp-json\/wp\/v2\/posts"}],"about":[{"href":"https:\/\/enlamira.info\/index.php\/wp-json\/wp\/v2\/types\/post"}],"author":[{"embeddable":true,"href":"https:\/\/enlamira.info\/index.php\/wp-json\/wp\/v2\/users\/4"}],"replies":[{"embeddable":true,"href":"https:\/\/enlamira.info\/index.php\/wp-json\/wp\/v2\/comments?post=20262"}],"version-history":[{"count":1,"href":"https:\/\/enlamira.info\/index.php\/wp-json\/wp\/v2\/posts\/20262\/revisions"}],"predecessor-version":[{"id":20270,"href":"https:\/\/enlamira.info\/index.php\/wp-json\/wp\/v2\/posts\/20262\/revisions\/20270"}],"wp:featuredmedia":[{"embeddable":true,"href":"https:\/\/enlamira.info\/index.php\/wp-json\/wp\/v2\/media\/20269"}],"wp:attachment":[{"href":"https:\/\/enlamira.info\/index.php\/wp-json\/wp\/v2\/media?parent=20262"}],"wp:term":[{"taxonomy":"category","embeddable":true,"href":"https:\/\/enlamira.info\/index.php\/wp-json\/wp\/v2\/categories?post=20262"},{"taxonomy":"post_tag","embeddable":true,"href":"https:\/\/enlamira.info\/index.php\/wp-json\/wp\/v2\/tags?post=20262"}],"curies":[{"name":"wp","href":"https:\/\/api.w.org\/{rel}","templated":true}]}}