{"id":20255,"date":"2025-12-03T13:36:18","date_gmt":"2025-12-03T16:36:18","guid":{"rendered":"https:\/\/enlamira.info\/?p=20255"},"modified":"2025-12-03T13:38:33","modified_gmt":"2025-12-03T16:38:33","slug":"carlos-bustos-galetovich-entrego-el-partido-radical-al-kirchnerismo","status":"publish","type":"post","link":"https:\/\/enlamira.info\/index.php\/2025\/12\/03\/carlos-bustos-galetovich-entrego-el-partido-radical-al-kirchnerismo\/","title":{"rendered":"Carlos Bustos: &#8220;Galetovich entreg\u00f3 el Partido Radical al kirchnerismo&#8221;"},"content":{"rendered":"\n<h2 class=\"wp-block-heading\"><strong>Bustos y Buera, dos dirigentes radicales de Avellaneda, hablan sin filtro sobre la foto que desat\u00f3 la tormenta: \u201cUna minor\u00eda \u00fatil al kirchnerismo quiere alquilar el Comit\u00e9\u201d<\/strong><\/h2>\n\n\n\n<p>En Avellaneda todav\u00eda se escucha el eco del portazo. La aparici\u00f3n del dirigente <strong>Rodrigo Galetovich<\/strong> \u2014l\u00ednea Evoluci\u00f3n\u2014 junto al intendente <strong>Jorge Ferraresi<\/strong> dentro del hist\u00f3rico Comit\u00e9 Radical de Avellaneda abri\u00f3 una grieta que ninguno disimula. Para un amplio sector de la UCR, esa imagen fue la confirmaci\u00f3n de algo que se ven\u00eda masticando en silencio:<br><strong>\u201cEntregaron el partido.\u201d<\/strong><\/p>\n\n\n\n<figure class=\"wp-block-image size-large\"><img loading=\"lazy\" decoding=\"async\" width=\"1024\" height=\"682\" src=\"https:\/\/enlamira.info\/wp-content\/uploads\/2025\/12\/G6Shk0rWkAAiXGi-1024x682.jpg\" alt=\"\" class=\"wp-image-20256\" srcset=\"https:\/\/enlamira.info\/wp-content\/uploads\/2025\/12\/G6Shk0rWkAAiXGi-1024x682.jpg 1024w, https:\/\/enlamira.info\/wp-content\/uploads\/2025\/12\/G6Shk0rWkAAiXGi-300x200.jpg 300w, https:\/\/enlamira.info\/wp-content\/uploads\/2025\/12\/G6Shk0rWkAAiXGi-768x512.jpg 768w, https:\/\/enlamira.info\/wp-content\/uploads\/2025\/12\/G6Shk0rWkAAiXGi.jpg 1280w\" sizes=\"(max-width: 1024px) 100vw, 1024px\" \/><\/figure>\n\n\n\n<p>Para entender la interna, <em>La Voz del Vecino<\/em> dialog\u00f3 con dos dirigentes locales: el <strong>Dr. Carlos Bustos<\/strong> y <strong>Milton Buera<\/strong>,  vicepresidente de la mesa  de Sarand\u00ed y dirigente radical barrial, respectivamente. Ambos coinciden en el diagn\u00f3stico: un grupo minoritario de &#8220;radicales K&#8221;, subordinados a Mart\u00edn Lousteau, Fernando P\u00e9rez, Pablo Domenichini y Rodrigo Galetovich, se volvi\u00f3 funcional al kirchnerismo.<\/p>\n\n\n\n<hr class=\"wp-block-separator has-alpha-channel-opacity\"\/>\n\n\n\n<h2 class=\"wp-block-heading\"><strong>\u201cIndignaci\u00f3n total: invitaron al peronismo y excluyeron a los radicales\u201d<\/strong><\/h2>\n\n\n\n<p>Bustos fue el primero en describir su sensaci\u00f3n al ver la foto:<br>\u201cUna indignaci\u00f3n enorme. No invitaron a los referentes radicales, pero s\u00ed a dirigentes peronistas. Nosotros nos enteramos por los medios. Ni un mensaje, ni una asamblea, ni un plenario. Nada.\u201d<\/p>\n\n\n\n<p>Buera coincide:<br>\u201cLo primero que pens\u00e9 fue: excluyeron a todo el radicalismo de Avellaneda. No se invit\u00f3 a presidentes de circuito, vicepresidentes, ni militantes hist\u00f3ricos. Pero s\u00ed se les abri\u00f3 la puerta a Ferraresi, s\u00edmbolo kirchnerista que defendi\u00f3 a Cristina, que termin\u00f3 presa, y que hizo obra p\u00fablica con Julio De Vido. Adem\u00e1s, todos sabemos lo que represent\u00f3 la presencia de los bolsos de Jos\u00e9 L\u00f3pez en Avellaneda. \u00bfEse es el radicalismo que quieren construir?\u201d<\/p>\n\n\n\n<figure class=\"wp-block-image size-large\"><img loading=\"lazy\" decoding=\"async\" width=\"1024\" height=\"681\" src=\"https:\/\/enlamira.info\/wp-content\/uploads\/2025\/12\/G6Shk1DbUAMmq28-1024x681.jpg\" alt=\"\" class=\"wp-image-20257\" srcset=\"https:\/\/enlamira.info\/wp-content\/uploads\/2025\/12\/G6Shk1DbUAMmq28-1024x681.jpg 1024w, https:\/\/enlamira.info\/wp-content\/uploads\/2025\/12\/G6Shk1DbUAMmq28-300x199.jpg 300w, https:\/\/enlamira.info\/wp-content\/uploads\/2025\/12\/G6Shk1DbUAMmq28-768x511.jpg 768w, https:\/\/enlamira.info\/wp-content\/uploads\/2025\/12\/G6Shk1DbUAMmq28.jpg 1280w\" sizes=\"(max-width: 1024px) 100vw, 1024px\" \/><\/figure>\n\n\n\n<hr class=\"wp-block-separator has-alpha-channel-opacity\"\/>\n\n\n\n<h2 class=\"wp-block-heading\"><strong>Unidad partidaria\u2026 s\u00f3lo en los papeles<\/strong><\/h2>\n\n\n\n<p>Ambos dirigentes recuerdan que la conducci\u00f3n actual surgi\u00f3 de listas de unidad, no de un triunfo de Evoluci\u00f3n.<br>\u201cNo ganaron nada. Fue una unidad para evitar internas, y esa unidad la rompieron ellos\u201d, detall\u00f3 Bustos.<\/p>\n\n\n\n<p>Buera agrega que la l\u00ednea de Evoluci\u00f3n responde verticalmente a Lousteau, Cacace, Domenichini y Fernando P\u00e9rez:<br>\u201cAc\u00e1 la bajada de l\u00ednea es clara: entregar el radicalismo local para armar una alianza con el peronismo en 2027. Lo venimos denunciando hace tiempo.\u201d<\/p>\n\n\n\n<hr class=\"wp-block-separator has-alpha-channel-opacity\"\/>\n\n\n\n<h2 class=\"wp-block-heading\"><strong>\u201c\u00bfC\u00f3mo no iba a ir mal? Excluyeron a medio partido\u201d<\/strong><\/h2>\n\n\n\n<p>Los n\u00fameros electorales de 2023 sustentan el an\u00e1lisis de los entrevistados.<br>\u201cLa lista de Somos, manejada por Galetovich, sac\u00f3 menos de 5 mil votos. \u00bfPor qu\u00e9? Porque lo armaron solos, entre amigos. El resto del radicalismo no los acompa\u00f1\u00f3\u201d, explic\u00f3 Bustos.<\/p>\n\n\n\n<p>Buera fue m\u00e1s directo:<br>\u201cSi arm\u00e1s una lista entre cuatro y te cre\u00e9s due\u00f1o del partido, despu\u00e9s no te quejes cuando la gente no te vota.\u201d<\/p>\n\n\n\n<hr class=\"wp-block-separator has-alpha-channel-opacity\"\/>\n\n\n\n<h2 class=\"wp-block-heading\"><strong>El golpe simb\u00f3lico: Ferraresi en el Comit\u00e9 Radical<\/strong><\/h2>\n\n\n\n<p>Para la militancia radical m\u00e1s tradicional, el Comit\u00e9 de Avellaneda es un lugar sagrado. Ah\u00ed caminaron Alfons\u00edn, Balb\u00edn, Sagol.<br>Por eso, ver al intendente kirchnerista dentro del local partidario gener\u00f3 un quiebre emocional adem\u00e1s de pol\u00edtico.<\/p>\n\n\n\n<p>Bustos lo sintetiz\u00f3 as\u00ed:<br>\u201cLa gente com\u00fan lo ve y dice: \u2018Se vendieron\u2019. Y es dif\u00edcil explicar que ese sector es una minor\u00eda que act\u00faa por conveniencia personal.\u201d<\/p>\n\n\n\n<hr class=\"wp-block-separator has-alpha-channel-opacity\"\/>\n\n\n\n<h2 class=\"wp-block-heading\"><strong>Cacela en la mira: \u00bfopositor o parte del acuerdo?<\/strong><\/h2>\n\n\n\n<p>Los dirigentes no esquivaron otro nombre sensible: <strong>Juan Manuel Casella<\/strong>.<br>\u201cFue parte del armado. No pod\u00e9s dar la imagen de entregar el partido. El afiliado com\u00fan siente que se perdi\u00f3 la esencia\u201d, se\u00f1al\u00f3 Bustos.<\/p>\n\n\n\n<hr class=\"wp-block-separator has-alpha-channel-opacity\"\/>\n\n\n\n<h2 class=\"wp-block-heading\"><strong>\u201cEl radicalismo qued\u00f3 herido de muerte\u2026 pero no est\u00e1 muerto\u201d<\/strong><\/h2>\n\n\n\n<p>Buera explica que el da\u00f1o a la marca radical es real, pero no irreversible:<br>\u201cLa gente pregunta a qui\u00e9n votar. Se sienten desorientados porque nuestros dirigentes vienen haciendo las cosas mal hace a\u00f1os. Esto es el resultado.\u201d<\/p>\n\n\n\n<hr class=\"wp-block-separator has-alpha-channel-opacity\"\/>\n\n\n\n<h2 class=\"wp-block-heading\"><strong>Lousteau, una conducci\u00f3n err\u00e1tica y da\u00f1ina<\/strong><\/h2>\n\n\n\n<p>Bustos fue expl\u00edcito al analizar la conducci\u00f3n nacional:<br>\u201cLa presidencia de Lousteau fue p\u00e9sima para la UCR. Da\u00f1ina. Confundi\u00f3 al electorado, fractur\u00f3 al partido y dej\u00f3 un radicalismo sin rumbo.\u201d<\/p>\n\n\n\n<p>Consultado sobre qui\u00e9n podr\u00eda encarar el proceso de reconstrucci\u00f3n del centenario partido, lanz\u00f3 dos nombres:<br><strong>Maxi Abad<\/strong> y el ex gobernador <strong>Ra\u00fal Valdez<\/strong>.<\/p>\n\n\n\n<hr class=\"wp-block-separator has-alpha-channel-opacity\"\/>\n\n\n\n<h2 class=\"wp-block-heading\"><strong>De cara al 2027: radicalismo dividido y en crisis<\/strong><\/h2>\n\n\n\n<p>Seg\u00fan los entrevistados, la ofensiva del sector Evoluci\u00f3n apunta a un acuerdo con el kirchnerismo para 2027.<br>\u201cLo de Ferrarresi en el Comit\u00e9 fue un globo de ensayo. Quieren ver hasta d\u00f3nde pueden estirar la soga\u201d, afirm\u00f3 Buera.<\/p>\n\n\n\n<p>Pero ambos dirigentes aseguran que la resistencia interna es grande y que el radicalismo de Avellaneda \u201cva a dar la pelea\u201d.<\/p>\n\n\n\n<figure class=\"wp-block-embed is-type-video is-provider-youtube wp-block-embed-youtube wp-embed-aspect-16-9 wp-has-aspect-ratio\"><div class=\"wp-block-embed__wrapper\">\n<iframe loading=\"lazy\" title=\"LA VOZ DEL VECINO\" width=\"640\" height=\"360\" src=\"https:\/\/www.youtube.com\/embed\/ebn4LWYX_2E?start=1309&#038;feature=oembed\" frameborder=\"0\" allow=\"accelerometer; autoplay; clipboard-write; encrypted-media; gyroscope; picture-in-picture; web-share\" referrerpolicy=\"strict-origin-when-cross-origin\" allowfullscreen><\/iframe>\n<\/div><\/figure>\n","protected":false},"excerpt":{"rendered":"<p>Bustos y Buera, dos dirigentes radicales de Avellaneda, hablan sin filtro sobre la foto que desat\u00f3 la tormenta: \u201cUna minor\u00eda \u00fatil al kirchnerismo quiere alquilar el Comit\u00e9\u201d En Avellaneda todav\u00eda se escucha el eco del portazo. La aparici\u00f3n del dirigente Rodrigo Galetovich \u2014l\u00ednea Evoluci\u00f3n\u2014 junto al intendente Jorge Ferraresi dentro del hist\u00f3rico Comit\u00e9 Radical de [&hellip;]<\/p>\n","protected":false},"author":4,"featured_media":20258,"comment_status":"open","ping_status":"open","sticky":false,"template":"","format":"standard","meta":{"footnotes":""},"categories":[1,20,5,34],"tags":[],"_links":{"self":[{"href":"https:\/\/enlamira.info\/index.php\/wp-json\/wp\/v2\/posts\/20255"}],"collection":[{"href":"https:\/\/enlamira.info\/index.php\/wp-json\/wp\/v2\/posts"}],"about":[{"href":"https:\/\/enlamira.info\/index.php\/wp-json\/wp\/v2\/types\/post"}],"author":[{"embeddable":true,"href":"https:\/\/enlamira.info\/index.php\/wp-json\/wp\/v2\/users\/4"}],"replies":[{"embeddable":true,"href":"https:\/\/enlamira.info\/index.php\/wp-json\/wp\/v2\/comments?post=20255"}],"version-history":[{"count":3,"href":"https:\/\/enlamira.info\/index.php\/wp-json\/wp\/v2\/posts\/20255\/revisions"}],"predecessor-version":[{"id":20261,"href":"https:\/\/enlamira.info\/index.php\/wp-json\/wp\/v2\/posts\/20255\/revisions\/20261"}],"wp:featuredmedia":[{"embeddable":true,"href":"https:\/\/enlamira.info\/index.php\/wp-json\/wp\/v2\/media\/20258"}],"wp:attachment":[{"href":"https:\/\/enlamira.info\/index.php\/wp-json\/wp\/v2\/media?parent=20255"}],"wp:term":[{"taxonomy":"category","embeddable":true,"href":"https:\/\/enlamira.info\/index.php\/wp-json\/wp\/v2\/categories?post=20255"},{"taxonomy":"post_tag","embeddable":true,"href":"https:\/\/enlamira.info\/index.php\/wp-json\/wp\/v2\/tags?post=20255"}],"curies":[{"name":"wp","href":"https:\/\/api.w.org\/{rel}","templated":true}]}}