{"id":20251,"date":"2025-12-03T09:46:12","date_gmt":"2025-12-03T12:46:12","guid":{"rendered":"https:\/\/enlamira.info\/?p=20251"},"modified":"2025-12-03T09:46:12","modified_gmt":"2025-12-03T12:46:12","slug":"balladares-no-pueden-no-votarle-las-leyes-que-necesita-kicillof","status":"publish","type":"post","link":"https:\/\/enlamira.info\/index.php\/2025\/12\/03\/balladares-no-pueden-no-votarle-las-leyes-que-necesita-kicillof\/","title":{"rendered":"Balladares: \u201cNo pueden no votarle las leyes que necesita Kicillof\u201d"},"content":{"rendered":"\n<p>Con el objetivo de promover un espacio  para debatir y construir una  mirada com\u00fan sobre c\u00f3mo abordar las problem\u00e1ticas vinculada a la Salud Mental, se realiz\u00f3 el s\u00e1bado 29 de noviembre entre las 10 y las 13 horas, en  el Edificio Jos\u00e9 Hern\u00e1ndez de la Universidad Nacional de Lan\u00fas, el \u201cEncuentro Comunitario de Salud Mental\u201d.<\/p>\n\n\n\n<p>El concejal y dirigente peronista de Lan\u00fas, Agust\u00edn Balladares, estuvo presente en el encuentro y asegur\u00f3: \u201cNo se puede mirar para otro lado o hacerse el distra\u00eddo y no votarle las leyes que necesita nuestro Gobernador Kicillof ante tanta necesidad que padece la gente que lamentablemente repercute en su salud mental\u201d.<\/p>\n\n\n\n<p>Se dio inicio al encuentro con el saludo institucional por parte de Gustavo Souto, Secretario de Cooperaci\u00f3n de la UNLa. El panel fue moderado por Fernando Mart\u00ednez, Presidente del Consejo Social Comunitario de la UNLa y Consejero Superior.<\/p>\n\n\n\n<p>A continuaci\u00f3n fue el tiempo del trabajo en comisiones de las cuales fueron part\u00edcipes, referentes de organizaciones sociales, comedores y centros comunitarios. Integrantes de la Fundaci\u00f3n Dipascua, Grupos Scout, Docentes de Salud Comunitaria de la  UNLa, miembros de la Biblioteca Popular Monte  Chingolo, integrantes del Consejo Social Comunitario de la UNLa, militantes de la Universidad Popular Barrios de Pie, entre otros.<\/p>\n\n\n\n<p>Como resultado de los debates en las tres comisiones  se reconoci\u00f3 la necesidad de profundizar la organizaci\u00f3n en red entorno a tres ejes: El primero de ellos fue el reconocer las potencialidades y el valioso aporte que hacen d\u00eda a d\u00eda los espacios para combatir los problemas de Salud Mental (Espacios de escucha, contenci\u00f3n y promoci\u00f3n humana).<\/p>\n\n\n\n<p>El segundo, el continuar con la capacitaci\u00f3n y fortalecimiento de los espacios Comunitarios para el abordaje de la Salud Mental.<\/p>\n\n\n\n<p>Por \u00faltimo, profundizar la articulaci\u00f3n entre el Gobierno de la Provincia de Buenos Aires a trav\u00e9s de Programas y Pol\u00edticas P\u00fablicas de inclusi\u00f3n social, cultural y deportiva.<\/p>\n\n\n\n<p>El encuentro se cerr\u00f3 con una Radio Abierta y grupo musical juvenil del Proyecto de Radio \u201cHoy en la 48 se lee\u201d.<\/p>\n\n\n\n<p>En este marco, al finalizar el encuentro, ante las consultas de  los medios presentes Balladares sostuvo, \u201cHoy junto al Subsecretario del Ministerio de Desarrollo del Gobierno de Axel Kicillof, dem\u00e1s funcionarios provinciales, a la Directora del Doctorado de Salud Mental,  e  integrantes del Consejo Social  de nuestra querida Universidad de Lan\u00fas, y tambi\u00e9n   junto  alumnos de escuelas secundarias, profesionales de la salud, y  dirigentes de diferentes \u00e1mbitos,  logramos esto,  un encuentro sobre una problem\u00e1tica real que trasvasa a nuestra sociedad. Hoy dimos otro paso m\u00e1s para construir alternativas; y lo hicimos con compa\u00f1eros y compa\u00f1eras; escuch\u00e1ndonos y aprendiendo de cada uno de nosotros, pero fundamentalmente los que estuvimos ac\u00e1, creemos que esta es la manera y la forma de hacer pol\u00edtica, pensando y trabajando con y para la gente,  aportando ideas y herramientas que generen instancias o  encuentros que marquen el camino para transformar la realidad\u201d.<\/p>\n\n\n\n<p>Y en el plano pol\u00edtico agreg\u00f3: \u201cNo se puede mirar para otro lado o hacerse el distra\u00eddo y no votarle las leyes que necesita nuestro Gobernador Kicillof ante tanta necesidad que padece  la gente que lamentablemente  repercute en su salud mental. All\u00e1 aquellos que miran permanentemente su ombligo por encima del bienestar de toda una provincia. Ojal\u00e1 reflexionen por el bienestar de mis vecinos de Lan\u00fas, por los Bonaerenses, por todos y cada uno de los argentinos\u201d.<\/p>\n","protected":false},"excerpt":{"rendered":"<p>Con el objetivo de promover un espacio para debatir y construir una mirada com\u00fan sobre c\u00f3mo abordar las problem\u00e1ticas vinculada a la Salud Mental, se realiz\u00f3 el s\u00e1bado 29 de noviembre entre las 10 y las 13 horas, en el Edificio Jos\u00e9 Hern\u00e1ndez de la Universidad Nacional de Lan\u00fas, el \u201cEncuentro Comunitario de Salud Mental\u201d. [&hellip;]<\/p>\n","protected":false},"author":4,"featured_media":20249,"comment_status":"open","ping_status":"open","sticky":false,"template":"","format":"standard","meta":{"footnotes":""},"categories":[1],"tags":[],"_links":{"self":[{"href":"https:\/\/enlamira.info\/index.php\/wp-json\/wp\/v2\/posts\/20251"}],"collection":[{"href":"https:\/\/enlamira.info\/index.php\/wp-json\/wp\/v2\/posts"}],"about":[{"href":"https:\/\/enlamira.info\/index.php\/wp-json\/wp\/v2\/types\/post"}],"author":[{"embeddable":true,"href":"https:\/\/enlamira.info\/index.php\/wp-json\/wp\/v2\/users\/4"}],"replies":[{"embeddable":true,"href":"https:\/\/enlamira.info\/index.php\/wp-json\/wp\/v2\/comments?post=20251"}],"version-history":[{"count":1,"href":"https:\/\/enlamira.info\/index.php\/wp-json\/wp\/v2\/posts\/20251\/revisions"}],"predecessor-version":[{"id":20252,"href":"https:\/\/enlamira.info\/index.php\/wp-json\/wp\/v2\/posts\/20251\/revisions\/20252"}],"wp:featuredmedia":[{"embeddable":true,"href":"https:\/\/enlamira.info\/index.php\/wp-json\/wp\/v2\/media\/20249"}],"wp:attachment":[{"href":"https:\/\/enlamira.info\/index.php\/wp-json\/wp\/v2\/media?parent=20251"}],"wp:term":[{"taxonomy":"category","embeddable":true,"href":"https:\/\/enlamira.info\/index.php\/wp-json\/wp\/v2\/categories?post=20251"},{"taxonomy":"post_tag","embeddable":true,"href":"https:\/\/enlamira.info\/index.php\/wp-json\/wp\/v2\/tags?post=20251"}],"curies":[{"name":"wp","href":"https:\/\/api.w.org\/{rel}","templated":true}]}}