{"id":2024,"date":"2024-03-26T11:35:47","date_gmt":"2024-03-26T14:35:47","guid":{"rendered":"https:\/\/enlamira.info\/?p=2024"},"modified":"2024-03-26T21:24:35","modified_gmt":"2024-03-27T00:24:35","slug":"guillermo-francos-recibio-a-referentes-del-pro-para-avanzar-en-las-negociaciones-por-la-ley-bases","status":"publish","type":"post","link":"https:\/\/enlamira.info\/index.php\/2024\/03\/26\/guillermo-francos-recibio-a-referentes-del-pro-para-avanzar-en-las-negociaciones-por-la-ley-bases\/","title":{"rendered":"Guillermo Francos recibi\u00f3 a referentes del PRO para avanzar en las negociaciones por la Ley Bases"},"content":{"rendered":"\n<p>El ministro del Interior se reuni\u00f3 con el jefe de Gobierno porte\u00f1o y el jefe de la bancada del PRO en Diputados para afinar los detalles del esperado acuerdo fiscal.<\/p>\n\n\n\n<p>Este lunes por la tarde, el\u00a0ministro del Interior,\u00a0Guillermo Francos, mantuvo una intensa agenda de reuniones cruciales con destacadas figuras pol\u00edticas tanto del oficialismo como de la oposici\u00f3n con el objetivo de limar asperezas y\u00a0cerrar acuerdos en torno a la Ley Bases y el paquete fiscal\u00a0que el gobierno de\u00a0Javier Milei\u00a0desea aprobar en el Congreso.<\/p>\n\n\n\n<p>Esta serie de negociaciones, que se encuentran en su recta final, buscan sobre todo resolver las diferencias en temas sensibles como el impuesto a las Ganancias.<\/p>\n\n\n\n<p>El jefe de Gobierno porte\u00f1o, Jorge Macri, fue uno de los primeros en llegar a la\u00a0<strong>Casa Rosada<\/strong>\u00a0para dialogar con Francos. Aunque el encuentro no abord\u00f3 los fondos de coparticipaci\u00f3n, tema de inter\u00e9s para Macri, s\u00ed se discutieron aspectos relevantes de las reformas propuestas y otros asuntos vinculados a la ciudad.\u00a0<\/p>\n\n\n\n<p>El mandatario porte\u00f1o ten\u00eda previsto participar del encuentro programado con gobernadores del partido amarillo que se iba a realizar con el ministro. Sin embargo, esta reuni\u00f3n fue suspendida por problemas en la agenda de algunos de los invitados.&nbsp;<\/p>\n\n\n\n<p>Tras enterarse de la decisi\u00f3n de Francos de\u00a0postergar ese c\u00f3nclave para el pr\u00f3ximo 4 de abril, Macri se comunic\u00f3 con el ministro y le propuso mantener una conversaci\u00f3n individual para adelantar algunos de los puntos que se van a discutir la semana pr\u00f3xima.<\/p>\n\n\n\n<p>Finalmente, el titular de la cartera de Interior acept\u00f3 la recomendaci\u00f3n y lo recibi\u00f3 en su oficina junto al subsecretario de Gesti\u00f3n Institucional de la Secretar\u00eda General de la Presidencia, Eduardo \u201cLule\u201d Menem.<\/p>\n\n\n\n<p>Una hora despu\u00e9s del encuentro con el mandatario porte\u00f1o,\u00a0Francos recibi\u00f3 a los diputados Cristian Ritondo, Silvia Lospennato y Silvana Myriam Giudici del bloque PRO, en una sesi\u00f3n que cont\u00f3 con la presencia de altos funcionarios del gobierno, entre los cuales estuvieron el jefe de Gabinete, Nicol\u00e1s Posse; el secretario ejecutivo de Gobierno, Jos\u00e9 Rolandi; el secretario de Interior, Lisandro Catal\u00e1n; el secretario de Hacienda Carlos Guberman, y el presidente de la C\u00e1mara baja, Mart\u00edn Menem.\u00a0<\/p>\n\n\n\n<p>De esta manera, el oficialismo busca alcanzar un amplio consenso entre todos los sectores antes de enviar la nueva Ley \u00d3mnibus al Congreso, para evitar que la oposici\u00f3n vuelva a rechazarla, como ocurri\u00f3 a principios de febrero pasado.<\/p>\n\n\n\n<p>Una de las piedras de toque en las negociaciones es el\u00a0impuesto a las Ganancias, con opiniones encontradas entre los gobernadores del norte y del sur del pa\u00eds. Mientras los primeros abogan por una reducci\u00f3n en la cuarta categor\u00eda del impuesto, los segundos se oponen firmemente.\u00a0<\/p>\n\n\n\n<p>A trav\u00e9s de un grupo de Whatsapp denominado \u201c23 gobernadores y 1 jefe de Gobierno\u201d, el cual fue pedido por el bonaerense Axel Kicillof, quien remarc\u00f3 que el nombre del cargo de Macri no es el mismo que el del resto de sus colegas; se debate intensamente sobre c\u00f3mo proceder con las propuestas del Gobierno.<\/p>\n\n\n\n<p>Por su parte, el\u00a0Gobierno\u00a0observa de cerca que los mandatarios locales se pongan de acuerdo. Sin embargo, las autoridades nacionales tratan de intervenir lo menos posible y ya dejaron clara su postura: el impuesto tiene que volver a modificarse, ya que es necesario aumentar la recaudaci\u00f3n.<\/p>\n\n\n\n<p>En esta l\u00ednea, algunos l\u00edderes regionales, como es el caso del mendocino Alfredo Cornejo, propusieron algunas alternativas para tratar de llegar a un punto intermedio, como volver a bajar el piso a partir del cual se empieza a pagar este gravamen, pero con escalas que sean m\u00e1s progresivas, de manera tal que se cobre m\u00e1s a medida que el sueldo es mayor.<\/p>\n\n\n\n<p>Este martes, Francos viajar\u00e1 a Salta invitado por los gobernadores del Norte Grande, que le propusieron participar de una de las reuniones que suelen mantener. All\u00ed estar\u00e1n Ra\u00fal Jalil (Catamarca), Leandro Zdero (Chaco), Gustavo Vald\u00e9s (Corrientes), Gildo Insfr\u00e1n (Formosa), Carlos Sadir (Jujuy), Ricardo Quintela (La Rioja), Hugo Passalacqua (Misiones), Gerardo Zamora (Santiago Del Estero), Osvaldo Jaldo (Tucum\u00e1n) y el anfitri\u00f3n, Gustavo S\u00e1enz.<\/p>\n\n\n\n<p>En tanto, el pr\u00f3ximo 4 de abril se reunir\u00e1 con todos los mandatarios provinciales que integraban Juntos por el Cambio, por lo que adem\u00e1s de volver a ver a Macri, Zdero, Vald\u00e9s y Sadir, tambi\u00e9n dialogar\u00e1 con Cornejo y con Maximiliano Pullaro (Santa Fe), Ignacio Torres (Chubut), Rogelio Frigerio (Entre R\u00edos), Marcelo Orrego (Chubut) y Claudio Poggi (San Luis).<\/p>\n\n\n\n<p>As\u00ed, una vez que finalicen esos encuentros, el ministro del Interior habr\u00e1 vuelto a negociar por separado con casi todos los gobernadores y solamente le faltar\u00edan aquellos que son m\u00e1s cr\u00edticos de la actual gesti\u00f3n nacional, como Kicillof, Mart\u00edn Llaryora (C\u00f3rdoba), Sergio Ziliotto (La Pampa) y Gustavo Melella (Tierra del Fuego).<\/p>\n","protected":false},"excerpt":{"rendered":"<p>El ministro del Interior se reuni\u00f3 con el jefe de Gobierno porte\u00f1o y el jefe de la bancada del PRO en Diputados para afinar los detalles del esperado acuerdo fiscal. Este lunes por la tarde, el\u00a0ministro del Interior,\u00a0Guillermo Francos, mantuvo una intensa agenda de reuniones cruciales con destacadas figuras pol\u00edticas tanto del oficialismo como de [&hellip;]<\/p>\n","protected":false},"author":2,"featured_media":2029,"comment_status":"open","ping_status":"open","sticky":false,"template":"","format":"standard","meta":{"footnotes":""},"categories":[20],"tags":[],"_links":{"self":[{"href":"https:\/\/enlamira.info\/index.php\/wp-json\/wp\/v2\/posts\/2024"}],"collection":[{"href":"https:\/\/enlamira.info\/index.php\/wp-json\/wp\/v2\/posts"}],"about":[{"href":"https:\/\/enlamira.info\/index.php\/wp-json\/wp\/v2\/types\/post"}],"author":[{"embeddable":true,"href":"https:\/\/enlamira.info\/index.php\/wp-json\/wp\/v2\/users\/2"}],"replies":[{"embeddable":true,"href":"https:\/\/enlamira.info\/index.php\/wp-json\/wp\/v2\/comments?post=2024"}],"version-history":[{"count":2,"href":"https:\/\/enlamira.info\/index.php\/wp-json\/wp\/v2\/posts\/2024\/revisions"}],"predecessor-version":[{"id":2030,"href":"https:\/\/enlamira.info\/index.php\/wp-json\/wp\/v2\/posts\/2024\/revisions\/2030"}],"wp:featuredmedia":[{"embeddable":true,"href":"https:\/\/enlamira.info\/index.php\/wp-json\/wp\/v2\/media\/2029"}],"wp:attachment":[{"href":"https:\/\/enlamira.info\/index.php\/wp-json\/wp\/v2\/media?parent=2024"}],"wp:term":[{"taxonomy":"category","embeddable":true,"href":"https:\/\/enlamira.info\/index.php\/wp-json\/wp\/v2\/categories?post=2024"},{"taxonomy":"post_tag","embeddable":true,"href":"https:\/\/enlamira.info\/index.php\/wp-json\/wp\/v2\/tags?post=2024"}],"curies":[{"name":"wp","href":"https:\/\/api.w.org\/{rel}","templated":true}]}}