{"id":20146,"date":"2025-11-26T10:48:10","date_gmt":"2025-11-26T13:48:10","guid":{"rendered":"https:\/\/enlamira.info\/?p=20146"},"modified":"2025-11-26T10:48:10","modified_gmt":"2025-11-26T13:48:10","slug":"carlos-turco-balor-asumira-la-intendencia-de-berazategui-tras-la-muerte-de-juan-jose-mussi","status":"publish","type":"post","link":"https:\/\/enlamira.info\/index.php\/2025\/11\/26\/carlos-turco-balor-asumira-la-intendencia-de-berazategui-tras-la-muerte-de-juan-jose-mussi\/","title":{"rendered":"Carlos \u201cTurco\u201d Balor asumir\u00e1 la intendencia de Berazategui tras la muerte de Juan Jos\u00e9 Mussi"},"content":{"rendered":"\n<p>Luego de la muerte de Juan Jos\u00e9 Mussi, hist\u00f3rico jefe comunal e integrante central del peronismo bonaerense, el municipio de Berazategui defini\u00f3 este lunes el nombre de su reemplazante para completar el mandato hasta 2027: Carlos \u201cTurco\u201d Balor, actual secretario de Obras P\u00fablicas y primer concejal electo por la lista oficialista en 2023.<\/p>\n\n\n\n<p>La sucesi\u00f3n se encuadra en lo establecido por la Ley Org\u00e1nica de las Municipalidades, cuyo art\u00edculo 123 dispone que, ante la muerte del intendente, el cargo debe ser asumido por el primer concejal de la n\u00f3mina ganadora. En este caso, Balor encabezaba la boleta del oficialismo por decisi\u00f3n directa del propio Mussi, que lo ubic\u00f3 en ese lugar para garantizar continuidad pol\u00edtica en la gesti\u00f3n.<\/p>\n\n\n\n<p>Balor es un dirigente de perfil bajo pero con peso real dentro del esquema mussista. Desde hace a\u00f1os integra el c\u00edrculo \u00edntimo del fallecido intendente, con responsabilidad en \u00e1reas sensibles de infraestructura y desarrollo urbano. Desde la Secretar\u00eda de Obras P\u00fablicas manej\u00f3 parte de las intervenciones m\u00e1s importantes del distrito, convirti\u00e9ndose en uno de los funcionarios de mayor confianza del jefe comunal.<\/p>\n\n\n\n<p>Ahora deber\u00e1 completar los dos a\u00f1os restantes del mandato, en un distrito hist\u00f3ricamente modelado por la familia Mussi, que conserva influencia local con figuras como Patricio Mussi \u2014intendente entre 2010 y 2019\u2014 y Mariel Mussi, ex secretaria de Salud y ex presidenta del Hospital El Cruce.<\/p>\n\n\n\n<p>La asunci\u00f3n de Balor abre una etapa de transici\u00f3n marcada por la necesidad de sostener la estructura pol\u00edtica que Mussi construy\u00f3 en m\u00e1s de tres d\u00e9cadas de gesti\u00f3n, y por la discusi\u00f3n interna del justicialismo local sobre qui\u00e9n ser\u00e1 el candidato o candidata en 2027 en un escenario sin su figura m\u00e1s gravitante.<\/p>\n","protected":false},"excerpt":{"rendered":"<p>Luego de la muerte de Juan Jos\u00e9 Mussi, hist\u00f3rico jefe comunal e integrante central del peronismo bonaerense, el municipio de Berazategui defini\u00f3 este lunes el nombre de su reemplazante para completar el mandato hasta 2027: Carlos \u201cTurco\u201d Balor, actual secretario de Obras P\u00fablicas y primer concejal electo por la lista oficialista en 2023. La sucesi\u00f3n [&hellip;]<\/p>\n","protected":false},"author":4,"featured_media":20141,"comment_status":"open","ping_status":"open","sticky":false,"template":"","format":"standard","meta":{"footnotes":""},"categories":[1],"tags":[28],"_links":{"self":[{"href":"https:\/\/enlamira.info\/index.php\/wp-json\/wp\/v2\/posts\/20146"}],"collection":[{"href":"https:\/\/enlamira.info\/index.php\/wp-json\/wp\/v2\/posts"}],"about":[{"href":"https:\/\/enlamira.info\/index.php\/wp-json\/wp\/v2\/types\/post"}],"author":[{"embeddable":true,"href":"https:\/\/enlamira.info\/index.php\/wp-json\/wp\/v2\/users\/4"}],"replies":[{"embeddable":true,"href":"https:\/\/enlamira.info\/index.php\/wp-json\/wp\/v2\/comments?post=20146"}],"version-history":[{"count":1,"href":"https:\/\/enlamira.info\/index.php\/wp-json\/wp\/v2\/posts\/20146\/revisions"}],"predecessor-version":[{"id":20147,"href":"https:\/\/enlamira.info\/index.php\/wp-json\/wp\/v2\/posts\/20146\/revisions\/20147"}],"wp:featuredmedia":[{"embeddable":true,"href":"https:\/\/enlamira.info\/index.php\/wp-json\/wp\/v2\/media\/20141"}],"wp:attachment":[{"href":"https:\/\/enlamira.info\/index.php\/wp-json\/wp\/v2\/media?parent=20146"}],"wp:term":[{"taxonomy":"category","embeddable":true,"href":"https:\/\/enlamira.info\/index.php\/wp-json\/wp\/v2\/categories?post=20146"},{"taxonomy":"post_tag","embeddable":true,"href":"https:\/\/enlamira.info\/index.php\/wp-json\/wp\/v2\/tags?post=20146"}],"curies":[{"name":"wp","href":"https:\/\/api.w.org\/{rel}","templated":true}]}}