{"id":2009,"date":"2024-03-26T11:30:46","date_gmt":"2024-03-26T14:30:46","guid":{"rendered":"https:\/\/enlamira.info\/?p=2009"},"modified":"2024-03-26T21:32:52","modified_gmt":"2024-03-27T00:32:52","slug":"malestar-por-los-sueldos-en-el-congreso-vamos-a-cobrar-menos-que-hace-dos-meses-es-un-delirio","status":"publish","type":"post","link":"https:\/\/enlamira.info\/index.php\/2024\/03\/26\/malestar-por-los-sueldos-en-el-congreso-vamos-a-cobrar-menos-que-hace-dos-meses-es-un-delirio\/","title":{"rendered":"Malestar por los sueldos en el Congreso: \u201cVamos a cobrar menos que hace dos meses, es un delirio\u201d"},"content":{"rendered":"\n<p>Diputados y senadores deber\u00e1n devolver el aumento que les fue otorgado el mes pasado y la percepci\u00f3n de haberes de marzo genera quejas en los pasillos.<\/p>\n\n\n\n<p>El congelamiento de sueldos est\u00e1 provocando un fuerte malestar en parte del Ejecutivo y en el\u00a0Congreso.\u00a0En Diputados se prev\u00e9 que los sueldos sean menores a los de los \u00faltimos meses\u00a0por la aplicaci\u00f3n del descuento al aumento que tuvieron el mes pasado.<\/p>\n\n\n\n<p>A pedido de\u00a0Javier Milei\u00a0y por orden de los presidentes de las c\u00e1maras,\u00a0Victoria Villarruel\u00a0y Mart\u00edn Menem, los legisladores deber\u00e1n devolver el incremento que se les hab\u00eda otorgado en febrero. Por ende, la pr\u00f3xima semana,\u00a0diputados y senadores estar\u00e1n cobrando en promedio un sueldo de entre $900.000 y un mill\u00f3n.<\/p>\n\n\n\n<p>\u201cVamos a cobrar menos que hace dos meses, es un delirio, genera m\u00e1s malhumor. En todo caso que lo descuenten en cuotas\u201d, expres\u00f3 un diputado a Infobae. En febrero los legisladores hab\u00edan percibido un sueldo de $2,2 millones y en enero $1,7 millones.<\/p>\n\n\n\n<p>El pasado 11 de marzo los presidentes de las c\u00e1maras firmaron \u201cdejar sin efecto, a partir del 1 de enero de 2024, la RC 13\/11 suscripta por Amado Boudou y Juli\u00e1n Dom\u00ednguez, en lo que respecta a la equiparaci\u00f3n y movilidad autom\u00e1tica de la Dieta, Gastos de Representaci\u00f3n y Desarraigo que perciben los diputados y senadores nacionales\u201d.<\/p>\n","protected":false},"excerpt":{"rendered":"<p>Diputados y senadores deber\u00e1n devolver el aumento que les fue otorgado el mes pasado y la percepci\u00f3n de haberes de marzo genera quejas en los pasillos. El congelamiento de sueldos est\u00e1 provocando un fuerte malestar en parte del Ejecutivo y en el\u00a0Congreso.\u00a0En Diputados se prev\u00e9 que los sueldos sean menores a los de los \u00faltimos [&hellip;]<\/p>\n","protected":false},"author":2,"featured_media":2011,"comment_status":"open","ping_status":"open","sticky":false,"template":"","format":"standard","meta":{"footnotes":""},"categories":[20],"tags":[],"_links":{"self":[{"href":"https:\/\/enlamira.info\/index.php\/wp-json\/wp\/v2\/posts\/2009"}],"collection":[{"href":"https:\/\/enlamira.info\/index.php\/wp-json\/wp\/v2\/posts"}],"about":[{"href":"https:\/\/enlamira.info\/index.php\/wp-json\/wp\/v2\/types\/post"}],"author":[{"embeddable":true,"href":"https:\/\/enlamira.info\/index.php\/wp-json\/wp\/v2\/users\/2"}],"replies":[{"embeddable":true,"href":"https:\/\/enlamira.info\/index.php\/wp-json\/wp\/v2\/comments?post=2009"}],"version-history":[{"count":2,"href":"https:\/\/enlamira.info\/index.php\/wp-json\/wp\/v2\/posts\/2009\/revisions"}],"predecessor-version":[{"id":2012,"href":"https:\/\/enlamira.info\/index.php\/wp-json\/wp\/v2\/posts\/2009\/revisions\/2012"}],"wp:featuredmedia":[{"embeddable":true,"href":"https:\/\/enlamira.info\/index.php\/wp-json\/wp\/v2\/media\/2011"}],"wp:attachment":[{"href":"https:\/\/enlamira.info\/index.php\/wp-json\/wp\/v2\/media?parent=2009"}],"wp:term":[{"taxonomy":"category","embeddable":true,"href":"https:\/\/enlamira.info\/index.php\/wp-json\/wp\/v2\/categories?post=2009"},{"taxonomy":"post_tag","embeddable":true,"href":"https:\/\/enlamira.info\/index.php\/wp-json\/wp\/v2\/tags?post=2009"}],"curies":[{"name":"wp","href":"https:\/\/api.w.org\/{rel}","templated":true}]}}