{"id":20086,"date":"2025-11-21T13:23:49","date_gmt":"2025-11-21T16:23:49","guid":{"rendered":"https:\/\/enlamira.info\/?p=20086"},"modified":"2025-11-21T13:35:07","modified_gmt":"2025-11-21T16:35:07","slug":"homenaje-por-el-dia-de-la-enfermera-recordando-a-dolores-aurora-rodriguez","status":"publish","type":"post","link":"https:\/\/enlamira.info\/index.php\/2025\/11\/21\/homenaje-por-el-dia-de-la-enfermera-recordando-a-dolores-aurora-rodriguez\/","title":{"rendered":"Homenaje por el D\u00eda de la Enfermera: Recordando a Dolores Aurora Rodr\u00edguez"},"content":{"rendered":"\n<hr class=\"wp-block-separator has-alpha-channel-opacity\"\/>\n\n\n\n<h2 class=\"wp-block-heading\"><\/h2>\n\n\n\n<p>En este D\u00eda de la Enfermera, queremos rendir homenaje a una mujer cuya huella permanece intacta, aunque hayan pasado ya algunos a\u00f1os desde su partida: <strong>la vecina de Avellaneda Licenciada Dolores Aurora Rodr\u00edguez<\/strong>.<\/p>\n\n\n\n<figure class=\"wp-block-image size-full\"><img loading=\"lazy\" decoding=\"async\" width=\"1280\" height=\"854\" src=\"https:\/\/enlamira.info\/wp-content\/uploads\/2025\/11\/491753514_1238292044967870_1819428182411771317_n.jpg\" alt=\"\" class=\"wp-image-20093\" srcset=\"https:\/\/enlamira.info\/wp-content\/uploads\/2025\/11\/491753514_1238292044967870_1819428182411771317_n.jpg 1280w, https:\/\/enlamira.info\/wp-content\/uploads\/2025\/11\/491753514_1238292044967870_1819428182411771317_n-300x200.jpg 300w, https:\/\/enlamira.info\/wp-content\/uploads\/2025\/11\/491753514_1238292044967870_1819428182411771317_n-1024x683.jpg 1024w, https:\/\/enlamira.info\/wp-content\/uploads\/2025\/11\/491753514_1238292044967870_1819428182411771317_n-768x512.jpg 768w\" sizes=\"(max-width: 1280px) 100vw, 1280px\" \/><\/figure>\n\n\n\n<p>Dolores fue una enfermera de las de verdad: de esas que est\u00e1n, que acompa\u00f1an, que alivian y que sostienen incluso en los momentos m\u00e1s oscuros. Su vocaci\u00f3n naci\u00f3 en la <strong>Cruz Roja Argentina, filial Villa Dom\u00ednico<\/strong>, donde inici\u00f3 su camino y donde m\u00e1s tarde, al cumplirse los 100 a\u00f1os de la instituci\u00f3n, su hijo \u2014el Director de Multimedio En La Mira <strong>Marcelo Brunwald<\/strong>\u2014 tendr\u00eda el honor de presidirla, continuando sin quererlo el legado de servicio que ella sembr\u00f3.<\/p>\n\n\n\n<figure class=\"wp-block-image size-full\"><img loading=\"lazy\" decoding=\"async\" width=\"1280\" height=\"854\" src=\"https:\/\/enlamira.info\/wp-content\/uploads\/2025\/11\/490948394_1238291668301241_2616935762664673650_n.jpg\" alt=\"\" class=\"wp-image-20094\" srcset=\"https:\/\/enlamira.info\/wp-content\/uploads\/2025\/11\/490948394_1238291668301241_2616935762664673650_n.jpg 1280w, https:\/\/enlamira.info\/wp-content\/uploads\/2025\/11\/490948394_1238291668301241_2616935762664673650_n-300x200.jpg 300w, https:\/\/enlamira.info\/wp-content\/uploads\/2025\/11\/490948394_1238291668301241_2616935762664673650_n-1024x683.jpg 1024w, https:\/\/enlamira.info\/wp-content\/uploads\/2025\/11\/490948394_1238291668301241_2616935762664673650_n-768x512.jpg 768w\" sizes=\"(max-width: 1280px) 100vw, 1280px\" \/><\/figure>\n\n\n\n<p>&#8220;Ludy&#8221; como la conc\u00ecan, construy\u00f3 una carrera admirable: fue <strong>jefa de Neonatolog\u00eda en la Maternidad Sard\u00e1<\/strong>, trabaj\u00f3 en el <strong>Hospital Rawson de Barracas<\/strong>, y form\u00f3 a futuras generaciones como <strong>docente en la Universidad Maim\u00f3nides<\/strong> desde 2008. En cada uno de esos lugares dej\u00f3 algo m\u00e1s que trabajo: dej\u00f3 humanidad.<\/p>\n\n\n\n<p>Quienes la conocieron saben que su entrega iba mucho m\u00e1s all\u00e1 de los cargos. Llevaba su vocaci\u00f3n a cada rinc\u00f3n donde estuviera: ayudaba a vecinos del barrio, colaboraba en <strong>postas sanitarias<\/strong> incluso en sus d\u00edas de descanso, y manten\u00eda siempre encendida esa forma de ser que define a la verdadera enfermera: estar, acompa\u00f1ar, cuidar y ayudar a transitar el dolor.<\/p>\n\n\n\n<p>Aunque ya no est\u00e9 f\u00edsicamente, Dolores sigue presente.<br>En cada acto de bondad.<br>En cada mano tendida.<br>En cada enfermera y enfermero que honra su profesi\u00f3n con compromiso y sensibilidad.<\/p>\n\n\n\n<p>Hoy la recordamos con respeto y afecto, acompa\u00f1ando tambi\u00e9n a su hijo Marcelo, que mantiene vivo su legado desde cada proyecto, cada palabra y cada gesto de servicio comunitario.<\/p>\n\n\n\n<p><strong>Lic. Dolores Aurora Rodr\u00edguez<\/strong>, gracias por una vida dedicada a los dem\u00e1s.<br>Tu ejemplo sigue caminando entre nosotros.<\/p>\n\n\n\n<figure class=\"wp-block-image size-full\"><img loading=\"lazy\" decoding=\"async\" width=\"592\" height=\"596\" src=\"https:\/\/enlamira.info\/wp-content\/uploads\/2025\/11\/dolo-1.jpg\" alt=\"\" class=\"wp-image-20090\" srcset=\"https:\/\/enlamira.info\/wp-content\/uploads\/2025\/11\/dolo-1.jpg 592w, https:\/\/enlamira.info\/wp-content\/uploads\/2025\/11\/dolo-1-298x300.jpg 298w, https:\/\/enlamira.info\/wp-content\/uploads\/2025\/11\/dolo-1-150x150.jpg 150w\" sizes=\"(max-width: 592px) 100vw, 592px\" \/><\/figure>\n\n\n\n<figure class=\"wp-block-embed is-type-video is-provider-youtube wp-block-embed-youtube wp-embed-aspect-16-9 wp-has-aspect-ratio\"><div class=\"wp-block-embed__wrapper\">\n<iframe loading=\"lazy\" title=\"LA VOZ DEL VECINO\" width=\"640\" height=\"360\" src=\"https:\/\/www.youtube.com\/embed\/wzZb51FvAxw?start=990&#038;feature=oembed\" frameborder=\"0\" allow=\"accelerometer; autoplay; clipboard-write; encrypted-media; gyroscope; picture-in-picture; web-share\" referrerpolicy=\"strict-origin-when-cross-origin\" allowfullscreen><\/iframe>\n<\/div><\/figure>\n","protected":false},"excerpt":{"rendered":"<p>En este D\u00eda de la Enfermera, queremos rendir homenaje a una mujer cuya huella permanece intacta, aunque hayan pasado ya algunos a\u00f1os desde su partida: la vecina de Avellaneda Licenciada Dolores Aurora Rodr\u00edguez. Dolores fue una enfermera de las de verdad: de esas que est\u00e1n, que acompa\u00f1an, que alivian y que sostienen incluso en los [&hellip;]<\/p>\n","protected":false},"author":4,"featured_media":20087,"comment_status":"open","ping_status":"open","sticky":false,"template":"","format":"standard","meta":{"footnotes":""},"categories":[1,5,23,34],"tags":[],"_links":{"self":[{"href":"https:\/\/enlamira.info\/index.php\/wp-json\/wp\/v2\/posts\/20086"}],"collection":[{"href":"https:\/\/enlamira.info\/index.php\/wp-json\/wp\/v2\/posts"}],"about":[{"href":"https:\/\/enlamira.info\/index.php\/wp-json\/wp\/v2\/types\/post"}],"author":[{"embeddable":true,"href":"https:\/\/enlamira.info\/index.php\/wp-json\/wp\/v2\/users\/4"}],"replies":[{"embeddable":true,"href":"https:\/\/enlamira.info\/index.php\/wp-json\/wp\/v2\/comments?post=20086"}],"version-history":[{"count":3,"href":"https:\/\/enlamira.info\/index.php\/wp-json\/wp\/v2\/posts\/20086\/revisions"}],"predecessor-version":[{"id":20095,"href":"https:\/\/enlamira.info\/index.php\/wp-json\/wp\/v2\/posts\/20086\/revisions\/20095"}],"wp:featuredmedia":[{"embeddable":true,"href":"https:\/\/enlamira.info\/index.php\/wp-json\/wp\/v2\/media\/20087"}],"wp:attachment":[{"href":"https:\/\/enlamira.info\/index.php\/wp-json\/wp\/v2\/media?parent=20086"}],"wp:term":[{"taxonomy":"category","embeddable":true,"href":"https:\/\/enlamira.info\/index.php\/wp-json\/wp\/v2\/categories?post=20086"},{"taxonomy":"post_tag","embeddable":true,"href":"https:\/\/enlamira.info\/index.php\/wp-json\/wp\/v2\/tags?post=20086"}],"curies":[{"name":"wp","href":"https:\/\/api.w.org\/{rel}","templated":true}]}}