{"id":20068,"date":"2025-11-21T13:11:29","date_gmt":"2025-11-21T16:11:29","guid":{"rendered":"https:\/\/enlamira.info\/?p=20068"},"modified":"2025-11-21T13:11:29","modified_gmt":"2025-11-21T16:11:29","slug":"vecinos-de-avellaneda-hartos-de-un-camion-que-destroza-postes-cables-y-frentes","status":"publish","type":"post","link":"https:\/\/enlamira.info\/index.php\/2025\/11\/21\/vecinos-de-avellaneda-hartos-de-un-camion-que-destroza-postes-cables-y-frentes\/","title":{"rendered":"Vecinos de Avellaneda hartos de un cami\u00f3n que destroza postes, cables y frentes"},"content":{"rendered":"\n<hr class=\"wp-block-separator has-alpha-channel-opacity\"\/>\n\n\n\n<p>En Avellaneda vuelve a aparecer un reclamo que ya viene levantando temperatura en el barrio. Se trata de un <strong>dep\u00f3sito no identificado<\/strong> ubicado en <strong>Mariano Moreno al 4400<\/strong>, entre <strong>Beazley y Casazza<\/strong>, donde, seg\u00fan denuncian los vecinos, hace tres semanas aparece un <strong>cami\u00f3n de gran porte<\/strong> que entra y sale como si estuviera en plena autopista.<\/p>\n\n\n\n<figure class=\"wp-block-image size-large\"><img loading=\"lazy\" decoding=\"async\" width=\"461\" height=\"1024\" src=\"https:\/\/enlamira.info\/wp-content\/uploads\/2025\/11\/7104b7d2-346c-49c6-bad7-96e72ceac13f-461x1024.jpg\" alt=\"\" class=\"wp-image-20079\" srcset=\"https:\/\/enlamira.info\/wp-content\/uploads\/2025\/11\/7104b7d2-346c-49c6-bad7-96e72ceac13f-461x1024.jpg 461w, https:\/\/enlamira.info\/wp-content\/uploads\/2025\/11\/7104b7d2-346c-49c6-bad7-96e72ceac13f-135x300.jpg 135w, https:\/\/enlamira.info\/wp-content\/uploads\/2025\/11\/7104b7d2-346c-49c6-bad7-96e72ceac13f-691x1536.jpg 691w, https:\/\/enlamira.info\/wp-content\/uploads\/2025\/11\/7104b7d2-346c-49c6-bad7-96e72ceac13f.jpg 720w\" sizes=\"(max-width: 461px) 100vw, 461px\" \/><\/figure>\n\n\n\n<p>El veh\u00edculo \u2014un acoplado enorme, totalmente fuera de norma para calles internas\u2014 ya habr\u00eda generado <strong>al menos tres incidentes en menos de dos semanas<\/strong>:<br>\u2022 Tir\u00f3 postes de luz<br>\u2022 Arrastr\u00f3 cables de empresas privadas<br>\u2022 Da\u00f1\u00f3 la mamposter\u00eda de una vivienda<br>\u2022 Rompi\u00f3 la c\u00e1mara, el medidor y dej\u00f3 a una familia sin luz<\/p>\n\n\n\n<figure class=\"wp-block-image size-large\"><img loading=\"lazy\" decoding=\"async\" width=\"1024\" height=\"819\" src=\"https:\/\/enlamira.info\/wp-content\/uploads\/2025\/11\/a96f4730-73ae-4ce1-b2a2-5cc948f4f27b-1024x819.jpg\" alt=\"\" class=\"wp-image-20080\" srcset=\"https:\/\/enlamira.info\/wp-content\/uploads\/2025\/11\/a96f4730-73ae-4ce1-b2a2-5cc948f4f27b-1024x819.jpg 1024w, https:\/\/enlamira.info\/wp-content\/uploads\/2025\/11\/a96f4730-73ae-4ce1-b2a2-5cc948f4f27b-300x240.jpg 300w, https:\/\/enlamira.info\/wp-content\/uploads\/2025\/11\/a96f4730-73ae-4ce1-b2a2-5cc948f4f27b-768x614.jpg 768w, https:\/\/enlamira.info\/wp-content\/uploads\/2025\/11\/a96f4730-73ae-4ce1-b2a2-5cc948f4f27b-1536x1228.jpg 1536w, https:\/\/enlamira.info\/wp-content\/uploads\/2025\/11\/a96f4730-73ae-4ce1-b2a2-5cc948f4f27b.jpg 1600w\" sizes=\"(max-width: 1024px) 100vw, 1024px\" \/><\/figure>\n\n\n\n<figure class=\"wp-block-image size-large\"><img loading=\"lazy\" decoding=\"async\" width=\"1024\" height=\"472\" src=\"https:\/\/enlamira.info\/wp-content\/uploads\/2025\/11\/c8879445-4d3d-46d1-91c7-6c89a61395c8-1024x472.jpg\" alt=\"\" class=\"wp-image-20081\" srcset=\"https:\/\/enlamira.info\/wp-content\/uploads\/2025\/11\/c8879445-4d3d-46d1-91c7-6c89a61395c8-1024x472.jpg 1024w, https:\/\/enlamira.info\/wp-content\/uploads\/2025\/11\/c8879445-4d3d-46d1-91c7-6c89a61395c8-300x138.jpg 300w, https:\/\/enlamira.info\/wp-content\/uploads\/2025\/11\/c8879445-4d3d-46d1-91c7-6c89a61395c8-768x354.jpg 768w, https:\/\/enlamira.info\/wp-content\/uploads\/2025\/11\/c8879445-4d3d-46d1-91c7-6c89a61395c8-1536x708.jpg 1536w, https:\/\/enlamira.info\/wp-content\/uploads\/2025\/11\/c8879445-4d3d-46d1-91c7-6c89a61395c8.jpg 1600w\" sizes=\"(max-width: 1024px) 100vw, 1024px\" \/><\/figure>\n\n\n\n<p>Seg\u00fan relatan los vecinos, en una de las maniobras el cami\u00f3n directamente <strong>arranc\u00f3 el cableado del frente<\/strong>, provocando da\u00f1os visibles en la estructura de la casa afectada. Las im\u00e1genes remitidas a este medio muestran claramente c\u00f3mo qued\u00f3 el frente tras el impacto.<\/p>\n\n\n\n<figure class=\"wp-block-image size-large\"><img loading=\"lazy\" decoding=\"async\" width=\"768\" height=\"1024\" src=\"https:\/\/enlamira.info\/wp-content\/uploads\/2025\/11\/7fa6e375-7136-439b-a248-8ba098e0f3cf-768x1024.jpg\" alt=\"\" class=\"wp-image-20082\" srcset=\"https:\/\/enlamira.info\/wp-content\/uploads\/2025\/11\/7fa6e375-7136-439b-a248-8ba098e0f3cf-768x1024.jpg 768w, https:\/\/enlamira.info\/wp-content\/uploads\/2025\/11\/7fa6e375-7136-439b-a248-8ba098e0f3cf-225x300.jpg 225w, https:\/\/enlamira.info\/wp-content\/uploads\/2025\/11\/7fa6e375-7136-439b-a248-8ba098e0f3cf-1152x1536.jpg 1152w, https:\/\/enlamira.info\/wp-content\/uploads\/2025\/11\/7fa6e375-7136-439b-a248-8ba098e0f3cf.jpg 1200w\" sizes=\"(max-width: 768px) 100vw, 768px\" \/><\/figure>\n\n\n\n<figure class=\"wp-block-image size-large\"><img loading=\"lazy\" decoding=\"async\" width=\"472\" height=\"1024\" src=\"https:\/\/enlamira.info\/wp-content\/uploads\/2025\/11\/cac8733d-cad3-4710-ad5c-6c34ce49c42a-472x1024.jpg\" alt=\"\" class=\"wp-image-20083\" srcset=\"https:\/\/enlamira.info\/wp-content\/uploads\/2025\/11\/cac8733d-cad3-4710-ad5c-6c34ce49c42a-472x1024.jpg 472w, https:\/\/enlamira.info\/wp-content\/uploads\/2025\/11\/cac8733d-cad3-4710-ad5c-6c34ce49c42a-138x300.jpg 138w, https:\/\/enlamira.info\/wp-content\/uploads\/2025\/11\/cac8733d-cad3-4710-ad5c-6c34ce49c42a-708x1536.jpg 708w, https:\/\/enlamira.info\/wp-content\/uploads\/2025\/11\/cac8733d-cad3-4710-ad5c-6c34ce49c42a.jpg 737w\" sizes=\"(max-width: 472px) 100vw, 472px\" \/><\/figure>\n\n\n\n<h3 class=\"wp-block-heading\"><strong>Denuncias sin respuesta<\/strong><\/h3>\n\n\n\n<p>Los frentistas ya realizaron la denuncia correspondiente ante el <strong>0800 municipal<\/strong>, pero hasta el momento no lograron una soluci\u00f3n. Tambi\u00e9n hablaron con el camionero y con el personal del dep\u00f3sito, pero aseguran que <strong>nadie presta atenci\u00f3n y todo sigue igual<\/strong>.<\/p>\n\n\n\n<p>Desde el barrio destacan que esto <strong>no es un ataque contra el trabajador ni contra la empresa<\/strong>, pero recuerdan que existe una <strong>ordenanza municipal que proh\u00edbe la circulaci\u00f3n de camiones de gran porte por calles internas<\/strong>, justamente para evitar este tipo de desastres.<\/p>\n\n\n\n<h3 class=\"wp-block-heading\"><strong>Pedido de informe en camino<\/strong><\/h3>\n\n\n\n<p>Ante la situaci\u00f3n, se est\u00e1 preparando un <strong>pedido de informe<\/strong> para presentar en el Concejo Deliberante, con el objetivo de que el municipio intervenga y obligue al dep\u00f3sito a modificar su operatoria o trasladar la log\u00edstica a un lugar acorde.<\/p>\n\n\n\n<p>Mientras tanto, los vecinos siguen en alerta: \u201cCada vez que lo arreglan, el cami\u00f3n vuelve y tira todo de nuevo\u201d, reclaman.<\/p>\n\n\n\n<hr class=\"wp-block-separator has-alpha-channel-opacity\"\/>\n\n\n\n<figure class=\"wp-block-embed is-type-video is-provider-youtube wp-block-embed-youtube wp-embed-aspect-16-9 wp-has-aspect-ratio\"><div class=\"wp-block-embed__wrapper\">\n<iframe loading=\"lazy\" title=\"LA VOZ DEL VECINO\" width=\"640\" height=\"360\" src=\"https:\/\/www.youtube.com\/embed\/Y3xGwEfHTaI?start=5810&#038;feature=oembed\" frameborder=\"0\" allow=\"accelerometer; autoplay; clipboard-write; encrypted-media; gyroscope; picture-in-picture; web-share\" referrerpolicy=\"strict-origin-when-cross-origin\" allowfullscreen><\/iframe>\n<\/div><\/figure>\n","protected":false},"excerpt":{"rendered":"<p>En Avellaneda vuelve a aparecer un reclamo que ya viene levantando temperatura en el barrio. Se trata de un dep\u00f3sito no identificado ubicado en Mariano Moreno al 4400, entre Beazley y Casazza, donde, seg\u00fan denuncian los vecinos, hace tres semanas aparece un cami\u00f3n de gran porte que entra y sale como si estuviera en plena [&hellip;]<\/p>\n","protected":false},"author":4,"featured_media":20084,"comment_status":"open","ping_status":"open","sticky":false,"template":"","format":"standard","meta":{"footnotes":""},"categories":[1,34],"tags":[],"_links":{"self":[{"href":"https:\/\/enlamira.info\/index.php\/wp-json\/wp\/v2\/posts\/20068"}],"collection":[{"href":"https:\/\/enlamira.info\/index.php\/wp-json\/wp\/v2\/posts"}],"about":[{"href":"https:\/\/enlamira.info\/index.php\/wp-json\/wp\/v2\/types\/post"}],"author":[{"embeddable":true,"href":"https:\/\/enlamira.info\/index.php\/wp-json\/wp\/v2\/users\/4"}],"replies":[{"embeddable":true,"href":"https:\/\/enlamira.info\/index.php\/wp-json\/wp\/v2\/comments?post=20068"}],"version-history":[{"count":1,"href":"https:\/\/enlamira.info\/index.php\/wp-json\/wp\/v2\/posts\/20068\/revisions"}],"predecessor-version":[{"id":20085,"href":"https:\/\/enlamira.info\/index.php\/wp-json\/wp\/v2\/posts\/20068\/revisions\/20085"}],"wp:featuredmedia":[{"embeddable":true,"href":"https:\/\/enlamira.info\/index.php\/wp-json\/wp\/v2\/media\/20084"}],"wp:attachment":[{"href":"https:\/\/enlamira.info\/index.php\/wp-json\/wp\/v2\/media?parent=20068"}],"wp:term":[{"taxonomy":"category","embeddable":true,"href":"https:\/\/enlamira.info\/index.php\/wp-json\/wp\/v2\/categories?post=20068"},{"taxonomy":"post_tag","embeddable":true,"href":"https:\/\/enlamira.info\/index.php\/wp-json\/wp\/v2\/tags?post=20068"}],"curies":[{"name":"wp","href":"https:\/\/api.w.org\/{rel}","templated":true}]}}