{"id":20067,"date":"2025-11-21T13:05:54","date_gmt":"2025-11-21T16:05:54","guid":{"rendered":"https:\/\/enlamira.info\/?p=20067"},"modified":"2025-11-21T13:05:54","modified_gmt":"2025-11-21T16:05:54","slug":"villa-corina-15-anos-de-reclamos-promesas-incumplidas-y-una-torre-que-se-cae-a-pedazos","status":"publish","type":"post","link":"https:\/\/enlamira.info\/index.php\/2025\/11\/21\/villa-corina-15-anos-de-reclamos-promesas-incumplidas-y-una-torre-que-se-cae-a-pedazos\/","title":{"rendered":"VILLA CORINA: 15 A\u00d1OS DE RECLAMOS, PROMESAS INCUMPLIDAS Y UNA TORRE QUE SE CAE A PEDAZOS"},"content":{"rendered":"\n<hr class=\"wp-block-separator has-alpha-channel-opacity\"\/>\n\n\n\n<p>En Avellaneda hay barrios donde las cosas pasan, pero nadie se hace cargo. Y Villa Corina es el ejemplo perfecto: torres que se llueven, ca\u00f1er\u00edas reventadas, balcones destruidos y vecinos que viven m\u00e1s pendientes del balde que del despertador. Mientras tanto, en los escritorios oficiales, la palabra \u201ccontrol\u201d parece borrada del diccionario.<\/p>\n\n\n\n<p>Para ponerle nombre y apellido a esta historia, hablamos con <strong>Norberto Ben\u00edtez<\/strong>, vecino de la Torre 18, uno de los que desde hace m\u00e1s de 15 a\u00f1os viene golpeando puertas que nunca terminan de abrirse.<\/p>\n\n\n\n<h2 class=\"wp-block-heading\"><strong>LOS PROBLEMAS QUE NADIE QUIERE VER<\/strong><\/h2>\n\n\n\n<p>Norberto lo dijo clarito: las torres tienen problemas estructurales graves. Ca\u00f1os podridos, bajadas colapsadas, filtraciones t\u00f3xicas en ba\u00f1os y balcones que est\u00e1n tan deteriorados que un d\u00eda van a terminar abajo sin aviso previo.<\/p>\n\n\n\n<p>Hace a\u00f1os que los vecinos piden algo b\u00e1sico: que antes de pintar por afuera, el Municipio y la Provincia miren lo de adentro. Pero no. Primero vinieron las licitaciones \u201cgenerales\u201d para maquillar el frente. Y despu\u00e9s, el caos.<\/p>\n\n\n\n<p>\u201cTenemos una vecina que le dejaron el ba\u00f1o abierto, el piso cortado, el pleno roto, todo sin terminar. No sabemos si van a volver\u201d, cont\u00f3 Norberto. Y la palabra clave es esa: <strong>incertidumbre<\/strong>. Nadie les dice nada.<\/p>\n\n\n\n<h2 class=\"wp-block-heading\"><strong>15 A\u00d1OS DE EXPEDIENTES, FOTOS Y PROMESAS<\/strong><\/h2>\n\n\n\n<p>Los vecinos no son improvisados. Presentaron documentos en la Defensor\u00eda del Pueblo, informes de habitabilidad, estudios, fotos, carpetas completas. El expediente podr\u00eda competir con la colecci\u00f3n de enciclopedias de cualquier biblioteca.<\/p>\n\n\n\n<p>Pero las soluciones nunca llegan.<\/p>\n\n\n\n<p>Y cuando finalmente aparece un proyecto de \u201cpuesta en valor\u201d, no incluye lo b\u00e1sico. Es como cambiarle la funda al sill\u00f3n cuando la casa est\u00e1 prendida fuego.<\/p>\n\n\n\n<h2 class=\"wp-block-heading\"><strong>LANDABURU Y LOS VECINOS: LO QUE SE HAB\u00cdA PLANTEADO<\/strong><\/h2>\n\n\n\n<p>Cuando mencionan \u201cFernando\u201d, hablan de <strong>Fernando Landaburu<\/strong>, ex concejal radical, uno de los pocos que en su momento plante\u00f3 un proyecto para mejorar posturas, reorganizar consorcios y ordenar la convivencia en las torres. No para la foto: para que la gente viva un poco mejor.<\/p>\n\n\n\n<p>Pero el Municipio prefiri\u00f3 hacer o\u00eddo sordo. Y la Provincia, que financi\u00f3 las obras, tampoco aparece a controlar si lo que licitaron realmente se hizo.<\/p>\n\n\n\n<h2 class=\"wp-block-heading\"><strong>LA VIDA COTIDIANA: VIVIR EN EL LIMBO<\/strong><\/h2>\n\n\n\n<p>El problema no es solo burocr\u00e1tico. Es cotidiano, duro y agota.<\/p>\n\n\n\n<p>Ascensores que funcionan cuando quieren. Bombas de agua que se rompen. Cuotas de luz que se pagan como se puede. Vecinos que se turnan para \u201ccoordinar\u201d la torre porque nadie se hace cargo. Consorcio no hay. Reglamento no hay. Control no hay. Lo que s\u00ed hay: conflictos, discusiones y desgaste.<\/p>\n\n\n\n<p>\u201cHay torres organizadas y torres imposibles\u201d, dijo Norberto. Sin reglas, sin orden y sin una autoridad que meta mano, cada uno sobrevive c\u00f3mo puede.<\/p>\n\n\n\n<h2 class=\"wp-block-heading\"><strong>LAS PROMESAS QUE NUNCA SE CUMPLEN<\/strong><\/h2>\n\n\n\n<p>Los vecinos recuerdan perfecto: promesas de t\u00edtulos de propiedad, promesas de control, promesas de un camioncito municipal que iba a supervisar obra por obra. No lleg\u00f3 nada. Ni el camioncito.<\/p>\n\n\n\n<p>Mientras tanto, en el Concejo Deliberante, se discuten homenajes y benepl\u00e1citos. Hermoso. Pero los vecinos siguen con techos que llueven y paredes que se caen.<\/p>\n\n\n\n<h2 class=\"wp-block-heading\"><strong>LA REALIDAD: LA GENTE EST\u00c1 CANSADA<\/strong><\/h2>\n\n\n\n<p>Norberto lo dijo con una claridad demoledora: \u201cQueremos vivir mejor, no molestamos a nadie. Solo pedimos que cumplan la funci\u00f3n para la que est\u00e1n\u201d.<\/p>\n\n\n\n<p>Y tiene raz\u00f3n. Los reclamos tienen 15 a\u00f1os. Las obras tienen financiamiento. Los expedientes existen. Los funcionarios tambi\u00e9n. Lo que no existe es la decisi\u00f3n pol\u00edtica.<\/p>\n\n\n\n<p>Los vecinos no quieren quilombo. Quieren una torre que no se llueva, un ba\u00f1o que no gotee qu\u00edmicos, un ascensor que llegue al piso, una bomba que funcione. <strong>Lo m\u00ednimo.<\/strong><\/p>\n\n\n\n<h2 class=\"wp-block-heading\"><strong>UNA ADVERTENCIA PARA 2027<\/strong><\/h2>\n\n\n\n<p>En el programa lo dijimos y los vecinos lo escuchan: no subestimen a la gente. No son boludos, no son nenes, no son distra\u00eddos. Ven todo y toman nota. Y despu\u00e9s, cuando llega la urna, los sorprendidos son otros.<\/p>\n\n\n\n<p>Si en 2027 aparecen caras largas porque no votaron \u201cla continuidad del proyecto\u201d, habr\u00e1 que revisar esto: <strong>la vida real de los vecinos<\/strong>.<\/p>\n\n\n\n<h2 class=\"wp-block-heading\"><strong>LA VOZ DEL VECINO EST\u00c1 PARA ESO<\/strong><\/h2>\n\n\n\n<p>Para contar lo que otros tapan. Para poner al aire a los que viven en condiciones que ning\u00fan funcionario aguantar\u00eda un d\u00eda. Para recordarle al poder que las torres, aunque sean provinciales, est\u00e1n llenas de familias que pagan impuestos, trabajan, estudian, se enferman y pelean por vivir dignamente.<\/p>\n\n\n\n<p>Y si las autoridades no toman nota, el vecino se organiza solo. No ser\u00eda la primera vez.<\/p>\n\n\n\n<hr class=\"wp-block-separator has-alpha-channel-opacity\"\/>\n\n\n\n<figure class=\"wp-block-embed is-type-video is-provider-youtube wp-block-embed-youtube wp-embed-aspect-16-9 wp-has-aspect-ratio\"><div class=\"wp-block-embed__wrapper\">\n<iframe loading=\"lazy\" title=\"LA VOZ DEL VECINO\" width=\"640\" height=\"360\" src=\"https:\/\/www.youtube.com\/embed\/Y3xGwEfHTaI?start=4218&#038;feature=oembed\" frameborder=\"0\" allow=\"accelerometer; autoplay; clipboard-write; encrypted-media; gyroscope; picture-in-picture; web-share\" referrerpolicy=\"strict-origin-when-cross-origin\" allowfullscreen><\/iframe>\n<\/div><\/figure>\n","protected":false},"excerpt":{"rendered":"<p>En Avellaneda hay barrios donde las cosas pasan, pero nadie se hace cargo. Y Villa Corina es el ejemplo perfecto: torres que se llueven, ca\u00f1er\u00edas reventadas, balcones destruidos y vecinos que viven m\u00e1s pendientes del balde que del despertador. Mientras tanto, en los escritorios oficiales, la palabra \u201ccontrol\u201d parece borrada del diccionario. Para ponerle nombre [&hellip;]<\/p>\n","protected":false},"author":4,"featured_media":20077,"comment_status":"open","ping_status":"open","sticky":false,"template":"","format":"standard","meta":{"footnotes":""},"categories":[1,20,34],"tags":[],"_links":{"self":[{"href":"https:\/\/enlamira.info\/index.php\/wp-json\/wp\/v2\/posts\/20067"}],"collection":[{"href":"https:\/\/enlamira.info\/index.php\/wp-json\/wp\/v2\/posts"}],"about":[{"href":"https:\/\/enlamira.info\/index.php\/wp-json\/wp\/v2\/types\/post"}],"author":[{"embeddable":true,"href":"https:\/\/enlamira.info\/index.php\/wp-json\/wp\/v2\/users\/4"}],"replies":[{"embeddable":true,"href":"https:\/\/enlamira.info\/index.php\/wp-json\/wp\/v2\/comments?post=20067"}],"version-history":[{"count":1,"href":"https:\/\/enlamira.info\/index.php\/wp-json\/wp\/v2\/posts\/20067\/revisions"}],"predecessor-version":[{"id":20078,"href":"https:\/\/enlamira.info\/index.php\/wp-json\/wp\/v2\/posts\/20067\/revisions\/20078"}],"wp:featuredmedia":[{"embeddable":true,"href":"https:\/\/enlamira.info\/index.php\/wp-json\/wp\/v2\/media\/20077"}],"wp:attachment":[{"href":"https:\/\/enlamira.info\/index.php\/wp-json\/wp\/v2\/media?parent=20067"}],"wp:term":[{"taxonomy":"category","embeddable":true,"href":"https:\/\/enlamira.info\/index.php\/wp-json\/wp\/v2\/categories?post=20067"},{"taxonomy":"post_tag","embeddable":true,"href":"https:\/\/enlamira.info\/index.php\/wp-json\/wp\/v2\/tags?post=20067"}],"curies":[{"name":"wp","href":"https:\/\/api.w.org\/{rel}","templated":true}]}}