{"id":20066,"date":"2025-11-21T12:49:40","date_gmt":"2025-11-21T15:49:40","guid":{"rendered":"https:\/\/enlamira.info\/?p=20066"},"modified":"2025-11-21T12:49:40","modified_gmt":"2025-11-21T15:49:40","slug":"analia-portillo-la-trabajadora-de-shell-que-rompio-el-silencio-en-villa-inflamable","status":"publish","type":"post","link":"https:\/\/enlamira.info\/index.php\/2025\/11\/21\/analia-portillo-la-trabajadora-de-shell-que-rompio-el-silencio-en-villa-inflamable\/","title":{"rendered":"ANAL\u00cdA PORTILLO: LA TRABAJADORA DE SHELL QUE ROMPI\u00d3 EL SILENCIO EN VILLA INFLAMABLE"},"content":{"rendered":"\n<hr class=\"wp-block-separator has-alpha-channel-opacity\"\/>\n\n\n\n<p>En Avellaneda venimos hablando del tema ambiental desde la hora cero. Dom\u00ednico, Inflamable, Sarand\u00ed con Trieco, el olor que te quema la garganta a las tres de la ma\u00f1ana, los pescadores encontrando peces muertos, los vecinos acumulando diagn\u00f3sticos de c\u00e1ncer como si fueran figuritas repetidas. La historia es siempre la misma: empresas poderosas, silencio oficial, medios que miran para otro lado y laburantes que ponen el cuerpo.<\/p>\n\n\n\n<p>Esta vez, la que decidi\u00f3 poner la cara y contar lo que nadie cuenta es <strong>Anal\u00eda Portillo<\/strong>, trabajadora despedida de Shell en Villa Inflamable. Despedida por denunciar, despedida por hablar, despedida por no agachar la cabeza. Y lo hizo con una claridad que incomoda a m\u00e1s de uno.<\/p>\n\n\n\n<p>Anal\u00eda explic\u00f3 lo que siempre sospechamos: lo que pasa dentro de la refiner\u00eda no lo sabe nadie, salvo los que laburan ah\u00ed adentro, respirando qu\u00edmicos todos los d\u00edas mientras afuera los vecinos creen que \u201cest\u00e1 todo bien\u201d. Seg\u00fan cont\u00f3, las p\u00e9rdidas de hidrocarburos, catalizadores y solventes son constantes, pero en los papeles declaran apenas una fracci\u00f3n. Mil litros que desaparecen se transforman m\u00e1gicamente en \u201cdiez tambores de doscientos\u201d. Y el resto, al aire, al suelo, al r\u00edo.<\/p>\n\n\n\n<p>Habl\u00f3 tambi\u00e9n del agua que consumen adentro. No es apta para tomar, no es apta para lavarse los dientes, ni siquiera para ba\u00f1arse. Pero igual la usan porque es lo que hay. Lo que no hay es informaci\u00f3n. Adentro reina la desinformaci\u00f3n, afuera la mentira. Una combinaci\u00f3n explosiva, literalmente.<\/p>\n\n\n\n<p>Confirm\u00f3 lo que nosotros denunciamos durante veinte a\u00f1os: animales muertos, vecinos con enfermedades, incendios que nunca se explican del todo, p\u00e9rdidas que no se declaran, aprietes a los trabajadores y empresas tercerizadas haciendo tareas peligrosas sin preparaci\u00f3n. El c\u00f3ctel perfecto para una tragedia. Y aun as\u00ed, cuando uno pregunta, la respuesta siempre es la misma: \u201cNo la podemos sacar porque da trabajo\u201d.<\/p>\n\n\n\n<p>La pregunta verdadera es otra: \u00bfa qu\u00e9 precio?<\/p>\n\n\n\n<p>Los trabajadores de Shell no solo se enferman: mueren j\u00f3venes. Anal\u00eda cont\u00f3 casos de compa\u00f1eros que se jubilaron y a los meses fallecieron. Cont\u00f3 que los an\u00e1lisis toxicol\u00f3gicos internos \u201cno muestran nada\u201d, mientras la realidad muestra todo. Cont\u00f3 que hay mujeres que renuncian por acoso o por no poder seguir un tratamiento de fertilidad en un ambiente t\u00f3xico. Cont\u00f3 que echaron a trabajadores con licencia m\u00e9dica, enfermos, lesionados, y que el sindicato mira para el techo.<\/p>\n\n\n\n<p>La empresa terceriza tareas grav\u00edsimas en manos de laburantes de UOCRA que cobran dos mangos y no saben que est\u00e1n tocando veneno puro. Mientras tanto, los de arriba se llenan los bolsillos. Y cuando algo explota, la culpa es de \u201cun desperfecto\u201d.<\/p>\n\n\n\n<p>Anal\u00eda fue despedida dos veces por denunciar. Diez trabajadores afuera. Cuatro hoy luchando por la reincorporaci\u00f3n. Todos con miedo. Pero aun as\u00ed sali\u00f3 a hablar para advertir a los vecinos lo que pasa adentro de la destiler\u00eda que, seg\u00fan los pol\u00edticos de turno, \u201cno se puede tocar porque da miles de empleos\u201d. Una mentira repetida tantas veces que muchos la creen.<\/p>\n\n\n\n<p>Esta tarde a las 18, en Plaza Alsina, los trabajadores convocan a los vecinos para visibilizar la contaminaci\u00f3n, los despidos injustificados y las condiciones laborales. No por pol\u00edtica. No por conveniencia. Por salud. Por vida. Porque lo que respiran ellos es lo mismo que respiramos todos seg\u00fan sople el viento.<\/p>\n\n\n\n<p>Lo de Anal\u00eda no es una nota m\u00e1s. Es la confirmaci\u00f3n de que durante a\u00f1os nos dijeron que exager\u00e1bamos, y que lo que denunci\u00e1bamos era cierto. Que los animales no se mueren solos. Que los peces no aparecen panza arriba por arte de magia. Que los vecinos no se enferman porque s\u00ed. Y que la antorcha que vemos desde Wilde, Sarand\u00ed o Lan\u00fas no escupe \u201cvapores inofensivos\u201d como dicen los comunicados oficiales.<\/p>\n\n\n\n<p>Es hora de que la pol\u00edtica local diga qu\u00e9 va a hacer con Shell y con Rizen. Basta de frases hechas. Queremos saber c\u00f3mo piensa Avellaneda proteger a sus vecinos, no a las empresas.<\/p>\n\n\n\n<p>Porque la vida no puede ser negociable. No pod\u00e9s hipotecar un barrio entero para que veinte firmen contratos millonarios. No pod\u00e9s tapar el olor a solvente con pauta oficial.<\/p>\n\n\n\n<p>Nuestra solidaridad con Anal\u00eda Portillo y con todos los laburantes que hoy se plantan y dicen basta.<\/p>\n\n\n\n<p>Esto es simple: si ellos callan, nosotros hablamos. Y si ellos aprietan, los vecinos acompa\u00f1amos.<\/p>\n\n\n\n<p>La Voz del Vecino est\u00e1 para eso. Para que la verdad se escuche donde no quieren que se escuche.<\/p>\n\n\n\n<figure class=\"wp-block-embed is-type-video is-provider-youtube wp-block-embed-youtube wp-embed-aspect-16-9 wp-has-aspect-ratio\"><div class=\"wp-block-embed__wrapper\">\n<iframe loading=\"lazy\" title=\"LA VOZ DEL VECINO\" width=\"640\" height=\"360\" src=\"https:\/\/www.youtube.com\/embed\/Y3xGwEfHTaI?start=2182&#038;feature=oembed\" frameborder=\"0\" allow=\"accelerometer; autoplay; clipboard-write; encrypted-media; gyroscope; picture-in-picture; web-share\" referrerpolicy=\"strict-origin-when-cross-origin\" allowfullscreen><\/iframe>\n<\/div><\/figure>\n","protected":false},"excerpt":{"rendered":"<p>En Avellaneda venimos hablando del tema ambiental desde la hora cero. Dom\u00ednico, Inflamable, Sarand\u00ed con Trieco, el olor que te quema la garganta a las tres de la ma\u00f1ana, los pescadores encontrando peces muertos, los vecinos acumulando diagn\u00f3sticos de c\u00e1ncer como si fueran figuritas repetidas. La historia es siempre la misma: empresas poderosas, silencio oficial, [&hellip;]<\/p>\n","protected":false},"author":4,"featured_media":20074,"comment_status":"open","ping_status":"open","sticky":false,"template":"","format":"standard","meta":{"footnotes":""},"categories":[1,23,34],"tags":[],"_links":{"self":[{"href":"https:\/\/enlamira.info\/index.php\/wp-json\/wp\/v2\/posts\/20066"}],"collection":[{"href":"https:\/\/enlamira.info\/index.php\/wp-json\/wp\/v2\/posts"}],"about":[{"href":"https:\/\/enlamira.info\/index.php\/wp-json\/wp\/v2\/types\/post"}],"author":[{"embeddable":true,"href":"https:\/\/enlamira.info\/index.php\/wp-json\/wp\/v2\/users\/4"}],"replies":[{"embeddable":true,"href":"https:\/\/enlamira.info\/index.php\/wp-json\/wp\/v2\/comments?post=20066"}],"version-history":[{"count":1,"href":"https:\/\/enlamira.info\/index.php\/wp-json\/wp\/v2\/posts\/20066\/revisions"}],"predecessor-version":[{"id":20075,"href":"https:\/\/enlamira.info\/index.php\/wp-json\/wp\/v2\/posts\/20066\/revisions\/20075"}],"wp:featuredmedia":[{"embeddable":true,"href":"https:\/\/enlamira.info\/index.php\/wp-json\/wp\/v2\/media\/20074"}],"wp:attachment":[{"href":"https:\/\/enlamira.info\/index.php\/wp-json\/wp\/v2\/media?parent=20066"}],"wp:term":[{"taxonomy":"category","embeddable":true,"href":"https:\/\/enlamira.info\/index.php\/wp-json\/wp\/v2\/categories?post=20066"},{"taxonomy":"post_tag","embeddable":true,"href":"https:\/\/enlamira.info\/index.php\/wp-json\/wp\/v2\/tags?post=20066"}],"curies":[{"name":"wp","href":"https:\/\/api.w.org\/{rel}","templated":true}]}}