{"id":20065,"date":"2025-11-21T12:39:35","date_gmt":"2025-11-21T15:39:35","guid":{"rendered":"https:\/\/enlamira.info\/?p=20065"},"modified":"2025-11-21T12:58:34","modified_gmt":"2025-11-21T15:58:34","slug":"ferraresi-en-la-ucr-avellaneda-el-dia-que-entregaron-el-comite","status":"publish","type":"post","link":"https:\/\/enlamira.info\/index.php\/2025\/11\/21\/ferraresi-en-la-ucr-avellaneda-el-dia-que-entregaron-el-comite\/","title":{"rendered":"FERRARESI EN LA UCR AVELLANEDA: &#8220;El d\u00eda que entregaron el comit\u00e9\u201d"},"content":{"rendered":"\n<hr class=\"wp-block-separator has-alpha-channel-opacity\"\/>\n\n\n\n<h1 class=\"wp-block-heading\"><\/h1>\n\n\n\n<p>Hay momentos en la pol\u00edtica local que deber\u00edan quedar guardados en los archivos\u2026 pero no en los archivos de la memoria hist\u00f3rica, sino en los archivos de la verg\u00fcenza. Lo ocurrido en Avellaneda con un sector m\u00ednimo \u2014microsc\u00f3pico\u2014 de la UCR es uno de esos cap\u00edtulos que nadie querr\u00e1 recordar, pero que todos deber\u00edan conocer.<\/p>\n\n\n\n<figure class=\"wp-block-image size-large\"><img loading=\"lazy\" decoding=\"async\" width=\"1024\" height=\"682\" src=\"https:\/\/enlamira.info\/wp-content\/uploads\/2025\/11\/585742315_1387706789382052_3720035307130712519_n-1024x682.jpg\" alt=\"\" class=\"wp-image-20070\" srcset=\"https:\/\/enlamira.info\/wp-content\/uploads\/2025\/11\/585742315_1387706789382052_3720035307130712519_n-1024x682.jpg 1024w, https:\/\/enlamira.info\/wp-content\/uploads\/2025\/11\/585742315_1387706789382052_3720035307130712519_n-300x200.jpg 300w, https:\/\/enlamira.info\/wp-content\/uploads\/2025\/11\/585742315_1387706789382052_3720035307130712519_n-768x512.jpg 768w, https:\/\/enlamira.info\/wp-content\/uploads\/2025\/11\/585742315_1387706789382052_3720035307130712519_n.jpg 1280w\" sizes=\"(max-width: 1024px) 100vw, 1024px\" \/><\/figure>\n\n\n\n<p>Porque s\u00ed, incre\u00edble pero real:<br><strong>un pu\u00f1ado de radicales K decidi\u00f3 entregarle el hist\u00f3rico Comit\u00e9 de Belgrano 732 al kirchnerista Jorge Ferraresi<\/strong>, como si la historia no significara nada, como si la identidad pol\u00edtica fuese descartable, como si la oposici\u00f3n fuera un hobby y el radicalismo un llavero para regalar.<\/p>\n\n\n\n<p>La excusa, conocida por todos, fue el famoso abrazo Balb\u00edn\u2013Per\u00f3n.<br>Pero aquel abrazo fue un gesto entre dos gigantes, no una habilitaci\u00f3n para rifar un partido centenario a cambio de una foto, un elogio o un peque\u00f1o beneficio.<\/p>\n\n\n\n<figure class=\"wp-block-image size-large\"><img loading=\"lazy\" decoding=\"async\" width=\"1024\" height=\"681\" src=\"https:\/\/enlamira.info\/wp-content\/uploads\/2025\/11\/585725521_1387706719382059_3224141497656418267_n-1024x681.jpg\" alt=\"\" class=\"wp-image-20071\" srcset=\"https:\/\/enlamira.info\/wp-content\/uploads\/2025\/11\/585725521_1387706719382059_3224141497656418267_n-1024x681.jpg 1024w, https:\/\/enlamira.info\/wp-content\/uploads\/2025\/11\/585725521_1387706719382059_3224141497656418267_n-300x199.jpg 300w, https:\/\/enlamira.info\/wp-content\/uploads\/2025\/11\/585725521_1387706719382059_3224141497656418267_n-768x511.jpg 768w, https:\/\/enlamira.info\/wp-content\/uploads\/2025\/11\/585725521_1387706719382059_3224141497656418267_n.jpg 1280w\" sizes=\"(max-width: 1024px) 100vw, 1024px\" \/><\/figure>\n\n\n\n<p>Lo que se vio ese d\u00eda fue, sencillamente, triste:<br><strong>un comit\u00e9 radical lleno de dirigentes peronistas<\/strong>, pase\u00e1ndose como si estuvieran en su casa, sac\u00e1ndose selfies, apropi\u00e1ndose simb\u00f3licamente de un espacio que siempre represent\u00f3 lo opuesto\u2026 mientras un sector de la UCR optaba por el silencio c\u00f3mplice.<\/p>\n\n\n\n<p>La jugada fue clara:<br><strong>Ferraresi movi\u00f3 las piezas, y algunos radicales se dejaron mover.<\/strong><br>Por conveniencia, por comodidad, o sabe Dios por qu\u00e9.<\/p>\n\n\n\n<p>Entre los protagonistas de este episodio vergonzoso aparece el ex concejal <strong>Rodrigo Galetovich<\/strong>, hoy abiertamente \u201cradical K\u201d, quien nunca cuestion\u00f3 al intendente. Claro, cerca del poder, la rebeld\u00eda suele evaporarse.<\/p>\n\n\n\n<figure class=\"wp-block-image size-large\"><img loading=\"lazy\" decoding=\"async\" width=\"1024\" height=\"682\" src=\"https:\/\/enlamira.info\/wp-content\/uploads\/2025\/11\/584758813_1387706696048728_3911314911775037345_n-1024x682.jpg\" alt=\"\" class=\"wp-image-20072\" srcset=\"https:\/\/enlamira.info\/wp-content\/uploads\/2025\/11\/584758813_1387706696048728_3911314911775037345_n-1024x682.jpg 1024w, https:\/\/enlamira.info\/wp-content\/uploads\/2025\/11\/584758813_1387706696048728_3911314911775037345_n-300x200.jpg 300w, https:\/\/enlamira.info\/wp-content\/uploads\/2025\/11\/584758813_1387706696048728_3911314911775037345_n-768x512.jpg 768w, https:\/\/enlamira.info\/wp-content\/uploads\/2025\/11\/584758813_1387706696048728_3911314911775037345_n.jpg 1280w\" sizes=\"(max-width: 1024px) 100vw, 1024px\" \/><\/figure>\n\n\n\n<p>Pero esta vez fue m\u00e1s lejos que nunca.<br>Porque no solo se aline\u00f3 al peronismo: <strong>entreg\u00f3 el comit\u00e9<\/strong>.<\/p>\n\n\n\n<p>Y esto no lo dice este medio:<br>lo dicen los propios radicales, los de verdad.<br>Los que recuerdan la militancia inquebrantable de su t\u00edo, Roberto Goenaga, un radical sin dobleces, de los que se plantaban. Si pudiera ver esta escena, no lo dudar\u00eda: lo sacar\u00eda a patadas por haber convertido al partido en furg\u00f3n de cola del kirchnerismo.<\/p>\n\n\n\n<p>\u00bfY lo m\u00e1s ir\u00f3nico?<br>Que hoy los mismos que derrocaron a Alfons\u00edn en las calles,<br>los mismos que empujaron a De la R\u00faa,<br>los mismos que en Avellaneda le hicieron fraude a Juan Manuel Moure\u2026<br>son los que pasean impunemente por el comit\u00e9 radical como si fueran los due\u00f1os.<\/p>\n\n\n\n<p>Y mientras tanto, Rodrigo abr\u00eda la puerta y extend\u00eda la alfombra roja.<\/p>\n\n\n\n<p>La mayor\u00eda del radicalismo \u2014el radicalismo real\u2014 repudi\u00f3 esta entrega bochornosa.<br>No representa a nadie.<br>No construye nada.<br>No honra la historia.<br>No defiende los valores del partido.<br>Es apenas una jugada que dejar\u00e1 una mancha dif\u00edcil de borrar.<\/p>\n\n\n\n<p>Porque s\u00ed:<br><strong>Galetovich ya entr\u00f3 en la historia. No como dirigente.No como estadista.Sino como el mayor traidor interno del radicalismo local<\/strong>&#8220;Y no lo decimos nosotros: lo dicen los radicales de Avellaneda, los que todav\u00eda creen en algo llamado dignidad pol\u00edtica.<\/p>\n\n\n\n<p>El comit\u00e9 no se rifa.<br>La historia no se alquila.<br>El radicalismo no se entrega.<\/p>\n\n\n\n<p>Aunque algunos crean que s\u00ed.<\/p>\n\n\n\n<figure class=\"wp-block-embed is-type-video is-provider-youtube wp-block-embed-youtube wp-embed-aspect-16-9 wp-has-aspect-ratio\"><div class=\"wp-block-embed__wrapper\">\n<iframe loading=\"lazy\" title=\"LA VOZ DEL VECINO\" width=\"640\" height=\"360\" src=\"https:\/\/www.youtube.com\/embed\/Y3xGwEfHTaI?start=487&#038;feature=oembed\" frameborder=\"0\" allow=\"accelerometer; autoplay; clipboard-write; encrypted-media; gyroscope; picture-in-picture; web-share\" referrerpolicy=\"strict-origin-when-cross-origin\" allowfullscreen><\/iframe>\n<\/div><\/figure>\n","protected":false},"excerpt":{"rendered":"<p>Hay momentos en la pol\u00edtica local que deber\u00edan quedar guardados en los archivos\u2026 pero no en los archivos de la memoria hist\u00f3rica, sino en los archivos de la verg\u00fcenza. Lo ocurrido en Avellaneda con un sector m\u00ednimo \u2014microsc\u00f3pico\u2014 de la UCR es uno de esos cap\u00edtulos que nadie querr\u00e1 recordar, pero que todos deber\u00edan conocer. [&hellip;]<\/p>\n","protected":false},"author":4,"featured_media":20069,"comment_status":"open","ping_status":"open","sticky":false,"template":"","format":"standard","meta":{"footnotes":""},"categories":[1,20],"tags":[],"_links":{"self":[{"href":"https:\/\/enlamira.info\/index.php\/wp-json\/wp\/v2\/posts\/20065"}],"collection":[{"href":"https:\/\/enlamira.info\/index.php\/wp-json\/wp\/v2\/posts"}],"about":[{"href":"https:\/\/enlamira.info\/index.php\/wp-json\/wp\/v2\/types\/post"}],"author":[{"embeddable":true,"href":"https:\/\/enlamira.info\/index.php\/wp-json\/wp\/v2\/users\/4"}],"replies":[{"embeddable":true,"href":"https:\/\/enlamira.info\/index.php\/wp-json\/wp\/v2\/comments?post=20065"}],"version-history":[{"count":2,"href":"https:\/\/enlamira.info\/index.php\/wp-json\/wp\/v2\/posts\/20065\/revisions"}],"predecessor-version":[{"id":20076,"href":"https:\/\/enlamira.info\/index.php\/wp-json\/wp\/v2\/posts\/20065\/revisions\/20076"}],"wp:featuredmedia":[{"embeddable":true,"href":"https:\/\/enlamira.info\/index.php\/wp-json\/wp\/v2\/media\/20069"}],"wp:attachment":[{"href":"https:\/\/enlamira.info\/index.php\/wp-json\/wp\/v2\/media?parent=20065"}],"wp:term":[{"taxonomy":"category","embeddable":true,"href":"https:\/\/enlamira.info\/index.php\/wp-json\/wp\/v2\/categories?post=20065"},{"taxonomy":"post_tag","embeddable":true,"href":"https:\/\/enlamira.info\/index.php\/wp-json\/wp\/v2\/tags?post=20065"}],"curies":[{"name":"wp","href":"https:\/\/api.w.org\/{rel}","templated":true}]}}