{"id":20063,"date":"2025-11-21T00:04:05","date_gmt":"2025-11-21T03:04:05","guid":{"rendered":"https:\/\/enlamira.info\/?p=20063"},"modified":"2025-11-21T00:04:05","modified_gmt":"2025-11-21T03:04:05","slug":"avances-judiciales-en-el-caso-benicio-farji-imputaron-al-presidente-de-argentino-de-quilmes","status":"publish","type":"post","link":"https:\/\/enlamira.info\/index.php\/2025\/11\/21\/avances-judiciales-en-el-caso-benicio-farji-imputaron-al-presidente-de-argentino-de-quilmes\/","title":{"rendered":"Avances judiciales en el caso Benicio Farji: Imputaron al presidente de Argentino de Quilmes"},"content":{"rendered":"\n<p>La causa judicial que investiga la muerte de Benicio, el ni\u00f1o de 9 a\u00f1os que perdi\u00f3 la vida tras un accidente en el microestadio del Club Argentino de Quilmes, avanz\u00f3 en las \u00faltimas horas con la imputaci\u00f3n formal del presidente de la instituci\u00f3n, Eduardo Larrosa. La decisi\u00f3n fue adoptada por la Justicia de Quilmes luego de recolectar m\u00faltiples testimonios que apuntan a posibles responsabilidades por parte de las autoridades del club.<\/p>\n\n\n\n<p>De acuerdo con fuentes vinculadas a la investigaci\u00f3n, declaraciones de empleados, entrenadores y personas que se encontraban en el lugar al momento del hecho resultaron clave para sostener la imputaci\u00f3n. Los testimonios habr\u00edan permitido reconstruir parte de lo ocurrido y evaluar el estado de las instalaciones en las que se produjo la tragedia, identificando elementos que la fiscal\u00eda considera relevantes para determinar responsabilidades.<\/p>\n\n\n\n<p>La imputaci\u00f3n a Larrosa abre una nueva etapa en la causa, que ahora busca establecer si existi\u00f3 negligencia, omisiones en materia de seguridad o responsabilidades institucionales vinculadas al mantenimiento y supervisi\u00f3n del equipamiento deportivo utilizado por los ni\u00f1os.<\/p>\n\n\n\n<p>En los pr\u00f3ximos d\u00edas se esperan nuevas citaciones y ampliaciones de testimonios, mientras la fiscal\u00eda analiza documentaci\u00f3n interna del club y otros elementos secuestrados durante las medidas judiciales realizadas en la sede de Argentino de Quilmes.<\/p>\n\n\n\n<p>El caso gener\u00f3 gran impacto en la comunidad quilme\u00f1a y mantiene en vilo a familiares y vecinos que reclaman justicia y garant\u00edas para evitar tragedias similares en \u00e1mbitos deportivos.<\/p>\n","protected":false},"excerpt":{"rendered":"<p>La causa judicial que investiga la muerte de Benicio, el ni\u00f1o de 9 a\u00f1os que perdi\u00f3 la vida tras un accidente en el microestadio del Club Argentino de Quilmes, avanz\u00f3 en las \u00faltimas horas con la imputaci\u00f3n formal del presidente de la instituci\u00f3n, Eduardo Larrosa. La decisi\u00f3n fue adoptada por la Justicia de Quilmes luego [&hellip;]<\/p>\n","protected":false},"author":4,"featured_media":20060,"comment_status":"open","ping_status":"open","sticky":false,"template":"","format":"standard","meta":{"footnotes":""},"categories":[1],"tags":[28,443],"_links":{"self":[{"href":"https:\/\/enlamira.info\/index.php\/wp-json\/wp\/v2\/posts\/20063"}],"collection":[{"href":"https:\/\/enlamira.info\/index.php\/wp-json\/wp\/v2\/posts"}],"about":[{"href":"https:\/\/enlamira.info\/index.php\/wp-json\/wp\/v2\/types\/post"}],"author":[{"embeddable":true,"href":"https:\/\/enlamira.info\/index.php\/wp-json\/wp\/v2\/users\/4"}],"replies":[{"embeddable":true,"href":"https:\/\/enlamira.info\/index.php\/wp-json\/wp\/v2\/comments?post=20063"}],"version-history":[{"count":1,"href":"https:\/\/enlamira.info\/index.php\/wp-json\/wp\/v2\/posts\/20063\/revisions"}],"predecessor-version":[{"id":20064,"href":"https:\/\/enlamira.info\/index.php\/wp-json\/wp\/v2\/posts\/20063\/revisions\/20064"}],"wp:featuredmedia":[{"embeddable":true,"href":"https:\/\/enlamira.info\/index.php\/wp-json\/wp\/v2\/media\/20060"}],"wp:attachment":[{"href":"https:\/\/enlamira.info\/index.php\/wp-json\/wp\/v2\/media?parent=20063"}],"wp:term":[{"taxonomy":"category","embeddable":true,"href":"https:\/\/enlamira.info\/index.php\/wp-json\/wp\/v2\/categories?post=20063"},{"taxonomy":"post_tag","embeddable":true,"href":"https:\/\/enlamira.info\/index.php\/wp-json\/wp\/v2\/tags?post=20063"}],"curies":[{"name":"wp","href":"https:\/\/api.w.org\/{rel}","templated":true}]}}