{"id":2001,"date":"2024-03-26T11:26:59","date_gmt":"2024-03-26T14:26:59","guid":{"rendered":"https:\/\/enlamira.info\/?p=2001"},"modified":"2024-03-26T22:04:23","modified_gmt":"2024-03-27T01:04:23","slug":"la-picante-propuesta-de-lautaro-martinez-a-costacurta-lo-invito-a","status":"publish","type":"post","link":"https:\/\/enlamira.info\/index.php\/2024\/03\/26\/la-picante-propuesta-de-lautaro-martinez-a-costacurta-lo-invito-a\/","title":{"rendered":"La picante propuesta de Lautaro Mart\u00ednez a Costacurta: \u201cLo invito a\u2026\u201d"},"content":{"rendered":"\n<p>El delantero de la Selecci\u00f3n se refiri\u00f3 a los dichos del ex jugador italiano.<\/p>\n\n\n\n<p>Pese a estar afrontando uno de los mejores a\u00f1os de su carrera,\u00a0Lautaro Mart\u00ednez\u00a0no ext\u00e1 exento de las cr\u00edticas. Y en los \u00faltimos d\u00edas recibi\u00f3 comentarios negativos nada menos que de un ex colega. \u201cEn Europa necesitamos otra mentalidad. Esperaba algo m\u00e1s de Lautaro, en el Mundial tampoco le fue bien. Me hace pensar que en ciertas etapas no logra destacar, pero tiene calidad para hacerlo\u201d, coment\u00f3\u00a0Alessandro Costacurta\u00a0en di\u00e1logo con el medio ingl\u00e9s, Sky Sports.<\/p>\n\n\n\n<p>El delantero de la Albiceleste habl\u00f3 con TyC Sports, en donde se refiri\u00f3 a su momento tanto en la Selecci\u00f3n como en Inter de Milan, donde es el capit\u00e1n, y tambi\u00e9n respondi\u00f3 p\u00fablicamente a los dichos de la ex gloria del Milan de Italia, quien lo critic\u00f3 tras la eliminaci\u00f3n en la Champions League.<\/p>\n\n\n\n<p>\u201cA veces uno se controla al hablar porque esos comentarios hacen mal, m\u00e1s all\u00e1 de que son opiniones, porque tienen que ser opiniones justas. En definitiva, creo que \u00e9l hab\u00eda dicho que yo en partidos importantes no estaba y eso no es verdad porque hice un gol en la semifinal de Champions contra el Milan, que fue uno de los partidos m\u00e1s importantes de la historia de los dos clubes\u201d, comenz\u00f3 en su respuesta, refiri\u00e9ndose al duelo de la temporada pasada.<\/p>\n\n\n\n<p>Y agreg\u00f3 al respecto:\u00a0\u201cM\u00e1s all\u00e1 del gol y del partido que Inter hizo, lo invito a verlo, no solo a ese gol. Si uno hace un an\u00e1lisis global del Inter no est\u00e1 mal, si lo hace con nombre y apellido molesta, porque no es verdad. Yo dejo que hablen los dem\u00e1s y hacer mi trabajo. Despu\u00e9s si haces 3 goles sos el mejor. Trabaj\u00e9 mucho en mis a\u00f1os de carrera y funcion\u00f3, y voy a seguir de la misma manera. Escuch\u00e9 una declaraci\u00f3n de Cavani y eso es lo que tambi\u00e9n quiero decir\u201d.<\/p>\n","protected":false},"excerpt":{"rendered":"<p>El delantero de la Selecci\u00f3n se refiri\u00f3 a los dichos del ex jugador italiano. Pese a estar afrontando uno de los mejores a\u00f1os de su carrera,\u00a0Lautaro Mart\u00ednez\u00a0no ext\u00e1 exento de las cr\u00edticas. Y en los \u00faltimos d\u00edas recibi\u00f3 comentarios negativos nada menos que de un ex colega. \u201cEn Europa necesitamos otra mentalidad. Esperaba algo m\u00e1s [&hellip;]<\/p>\n","protected":false},"author":2,"featured_media":2003,"comment_status":"open","ping_status":"open","sticky":false,"template":"","format":"standard","meta":{"footnotes":""},"categories":[14],"tags":[],"_links":{"self":[{"href":"https:\/\/enlamira.info\/index.php\/wp-json\/wp\/v2\/posts\/2001"}],"collection":[{"href":"https:\/\/enlamira.info\/index.php\/wp-json\/wp\/v2\/posts"}],"about":[{"href":"https:\/\/enlamira.info\/index.php\/wp-json\/wp\/v2\/types\/post"}],"author":[{"embeddable":true,"href":"https:\/\/enlamira.info\/index.php\/wp-json\/wp\/v2\/users\/2"}],"replies":[{"embeddable":true,"href":"https:\/\/enlamira.info\/index.php\/wp-json\/wp\/v2\/comments?post=2001"}],"version-history":[{"count":1,"href":"https:\/\/enlamira.info\/index.php\/wp-json\/wp\/v2\/posts\/2001\/revisions"}],"predecessor-version":[{"id":2002,"href":"https:\/\/enlamira.info\/index.php\/wp-json\/wp\/v2\/posts\/2001\/revisions\/2002"}],"wp:featuredmedia":[{"embeddable":true,"href":"https:\/\/enlamira.info\/index.php\/wp-json\/wp\/v2\/media\/2003"}],"wp:attachment":[{"href":"https:\/\/enlamira.info\/index.php\/wp-json\/wp\/v2\/media?parent=2001"}],"wp:term":[{"taxonomy":"category","embeddable":true,"href":"https:\/\/enlamira.info\/index.php\/wp-json\/wp\/v2\/categories?post=2001"},{"taxonomy":"post_tag","embeddable":true,"href":"https:\/\/enlamira.info\/index.php\/wp-json\/wp\/v2\/tags?post=2001"}],"curies":[{"name":"wp","href":"https:\/\/api.w.org\/{rel}","templated":true}]}}