{"id":19980,"date":"2025-11-14T10:29:28","date_gmt":"2025-11-14T13:29:28","guid":{"rendered":"https:\/\/enlamira.info\/?p=19980"},"modified":"2025-11-15T10:30:01","modified_gmt":"2025-11-15T13:30:01","slug":"fijaron-una-nueva-fecha-de-juicio-por-un-caso-de-abuso-esperado-hace-8-anos","status":"publish","type":"post","link":"https:\/\/enlamira.info\/index.php\/2025\/11\/14\/fijaron-una-nueva-fecha-de-juicio-por-un-caso-de-abuso-esperado-hace-8-anos\/","title":{"rendered":"Fijaron una nueva fecha de juicio por un caso de abuso, esperado hace 8 a\u00f1os"},"content":{"rendered":"\n<p>El Tribunal Oral en lo Criminal (TOC) 8 de Lomas de Zamora fij\u00f3 la nueva fecha del juicio del caso \u201cOsita\u201d, la nena que habr\u00eda sido abusada por su padre en Banfield, y reclama justicia hace casi 8 a\u00f1os.<\/p>\n\n\n\n<p>El proceso judicial comenzar\u00e1 a partir del 30 de marzo del 2026, seg\u00fan publicaron desde \u201cJusticia por Osita\u201d, cuenta de Instagram donde comparten el desarrollo de la investigaci\u00f3n.<\/p>\n\n\n\n<p>\u201cHoy en el marco de la audiencia preliminar se escuch\u00f3 el primer n\u00facleo de audios donde solo se demuestra a\u00fan m\u00e1s la violencia con el que el abusador de osita la trataba. Adem\u00e1s, dejaron en evidencia como se quiere correr el foco. Todav\u00eda queda escuchar m\u00e1s audios y esperar la resoluci\u00f3n del juez si entran o no como evidencia. Donde esperamos que se respete el inter\u00e9s superior del ni\u00f1o y que no se siga violentando m\u00e1s a Osita y su mam\u00e1\u201d, se lee en el comunicado.<\/p>\n\n\n\n<p>El imputado iba a ser juzgado mediante un juicio por jurados, fijado para los d\u00edas 27, 28 y 29 de octubre. Sin embargo, de manera inesperada, el juez del TOC 8 de Lomas decidi\u00f3 postergar el comienzo del debate. <\/p>\n\n\n\n<p>La v\u00edctima, de 13 a\u00f1os e identificada como \u201cOsita\u201d, denunci\u00f3 haber sido abusada desde los 4, en un aberrante hecho que habr\u00eda sucedido en Banfield. La familia de la menor asegura que estuvo sometida a un proceso desgastante, que ya lleva siete a\u00f1os de espera, y que esta dilaci\u00f3n no hace m\u00e1s que revictimizar a la nena.<\/p>\n\n\n\n<p>En su presentaci\u00f3n judicial, la madre de \u201cOsita\u201d se opuso a la suspensi\u00f3n argumentando que los audios \u201cson totalmente ilegales e inadmisibles como medida probatoria\u201d por ser violatorios de los derechos a la intimidad y dignidad. En consecuencia, la abogada querellante solicit\u00f3 mantener las fechas, se\u00f1alando que \u201ctoda decisi\u00f3n en contrario, no hace m\u00e1s que generar demoras irracionales en la administraci\u00f3n de justicia\u201d.<\/p>\n\n\n\n<p>Como si fuera poco, la suspensi\u00f3n del juicio implica posponerlo hasta 2026. Ante ese escenario, la querella pidi\u00f3 que se detenga inmediatamente al acusado, quien est\u00e1 en libertad. Argumentan que hay un \u201cclaro riesgo de fuga y contempla riesgos inminentes de entorpecimiento de la investigaci\u00f3n\u201d, dado que el imputado conoce a los testigos.<\/p>\n","protected":false},"excerpt":{"rendered":"<p>El Tribunal Oral en lo Criminal (TOC) 8 de Lomas de Zamora fij\u00f3 la nueva fecha del juicio del caso \u201cOsita\u201d, la nena que habr\u00eda sido abusada por su padre en Banfield, y reclama justicia hace casi 8 a\u00f1os. El proceso judicial comenzar\u00e1 a partir del 30 de marzo del 2026, seg\u00fan publicaron desde \u201cJusticia [&hellip;]<\/p>\n","protected":false},"author":4,"featured_media":19985,"comment_status":"open","ping_status":"open","sticky":false,"template":"","format":"standard","meta":{"footnotes":""},"categories":[1],"tags":[28,1892],"_links":{"self":[{"href":"https:\/\/enlamira.info\/index.php\/wp-json\/wp\/v2\/posts\/19980"}],"collection":[{"href":"https:\/\/enlamira.info\/index.php\/wp-json\/wp\/v2\/posts"}],"about":[{"href":"https:\/\/enlamira.info\/index.php\/wp-json\/wp\/v2\/types\/post"}],"author":[{"embeddable":true,"href":"https:\/\/enlamira.info\/index.php\/wp-json\/wp\/v2\/users\/4"}],"replies":[{"embeddable":true,"href":"https:\/\/enlamira.info\/index.php\/wp-json\/wp\/v2\/comments?post=19980"}],"version-history":[{"count":1,"href":"https:\/\/enlamira.info\/index.php\/wp-json\/wp\/v2\/posts\/19980\/revisions"}],"predecessor-version":[{"id":19981,"href":"https:\/\/enlamira.info\/index.php\/wp-json\/wp\/v2\/posts\/19980\/revisions\/19981"}],"wp:featuredmedia":[{"embeddable":true,"href":"https:\/\/enlamira.info\/index.php\/wp-json\/wp\/v2\/media\/19985"}],"wp:attachment":[{"href":"https:\/\/enlamira.info\/index.php\/wp-json\/wp\/v2\/media?parent=19980"}],"wp:term":[{"taxonomy":"category","embeddable":true,"href":"https:\/\/enlamira.info\/index.php\/wp-json\/wp\/v2\/categories?post=19980"},{"taxonomy":"post_tag","embeddable":true,"href":"https:\/\/enlamira.info\/index.php\/wp-json\/wp\/v2\/tags?post=19980"}],"curies":[{"name":"wp","href":"https:\/\/api.w.org\/{rel}","templated":true}]}}