{"id":1997,"date":"2024-03-26T11:25:59","date_gmt":"2024-03-26T14:25:59","guid":{"rendered":"https:\/\/enlamira.info\/?p=1997"},"modified":"2024-03-26T22:04:28","modified_gmt":"2024-03-27T01:04:28","slug":"lo-quieren-todos-el-juvenil-de-boca-que-tiene-en-la-mira-el-manchester-united","status":"publish","type":"post","link":"https:\/\/enlamira.info\/index.php\/2024\/03\/26\/lo-quieren-todos-el-juvenil-de-boca-que-tiene-en-la-mira-el-manchester-united\/","title":{"rendered":"Lo quieren todos: el juvenil de Boca que tiene en la mira el Manchester United"},"content":{"rendered":"\n<p>El futbolista hab\u00eda dicho hace algunas horas que solo piensa en seguir jugando en el Xeneize<\/p>\n\n\n\n<p>En los \u00faltimos partidos,\u00a0Diego\u00a0Mart\u00ednez\u00a0le dio lugar a varios juveniles de\u00a0Boca\u00a0para que se muestren en el equipo titular, y uno de ellos es\u00a0Aaron\u00a0Anselmino.<\/p>\n\n\n\n<p>El zaguero de tan solo 18 a\u00f1os impresion\u00f3 a todos con su gran nivel a pesar de tener pocos encuentros jugados en su espalda, y los intereses de equipos europeos no tardaron en llegar.<\/p>\n\n\n\n<p>Despu\u00e9s de que fue titular por los 32vos de final de la Copa Argentina ante Central Norte, duelo que termin\u00f3 en victoria 3-0 para el Xeneize,\u00a0Anselmino comenz\u00f3 a ser seguido por el Manchester United.<\/p>\n\n\n\n<figure class=\"wp-block-embed is-type-rich is-provider-twitter wp-block-embed-twitter\"><div class=\"wp-block-embed__wrapper\">\n<blockquote class=\"twitter-tweet\" data-width=\"550\" data-dnt=\"true\"><p lang=\"es\" dir=\"ltr\">Aaron Anselmino vs Central Norte <a href=\"https:\/\/t.co\/M7emch9lI0\">pic.twitter.com\/M7emch9lI0<\/a><\/p>&mdash; Jack Fawcett (@JackFawcett1704) <a href=\"https:\/\/twitter.com\/JackFawcett1704\/status\/1772263357699006786?ref_src=twsrc%5Etfw\">March 25, 2024<\/a><\/blockquote><script async src=\"https:\/\/platform.twitter.com\/widgets.js\" charset=\"utf-8\"><\/script>\n<\/div><\/figure>\n\n\n\n<p>As\u00ed lo confirm\u00f3\u00a0Fabrizio\u00a0Romano, periodista deportivo que es reconocido mundialmente por su buena informaci\u00f3n con respecto a los mercados de pases.<\/p>\n\n\n\n<p>El propio Mart\u00ednez dijo despu\u00e9s del partido de Copa Argentina que lo del joven defensor \u201cno es una sorpresa\u201d, dado que se trata de\u00a0uno de los proyectos m\u00e1s importantes que tiene la instituci\u00f3n.<\/p>\n\n\n\n<p>Adem\u00e1s,\u00a0Anselmino\u00a0tambi\u00e9n se refiri\u00f3 en las \u00faltimas horas al inter\u00e9s de los equipos europeos, y dijo lo siguiente:\u00a0\u201cLa verdad yo no s\u00e9 nada. Yo tengo mi cabeza en Boca. Quiero seguir jugando ac\u00e1 y ganar t\u00edtulos\u201d. \u00bfC\u00f3mo seguir\u00e1 esta historia?<\/p>\n","protected":false},"excerpt":{"rendered":"<p>El futbolista hab\u00eda dicho hace algunas horas que solo piensa en seguir jugando en el Xeneize En los \u00faltimos partidos,\u00a0Diego\u00a0Mart\u00ednez\u00a0le dio lugar a varios juveniles de\u00a0Boca\u00a0para que se muestren en el equipo titular, y uno de ellos es\u00a0Aaron\u00a0Anselmino. El zaguero de tan solo 18 a\u00f1os impresion\u00f3 a todos con su gran nivel a pesar de [&hellip;]<\/p>\n","protected":false},"author":2,"featured_media":2061,"comment_status":"open","ping_status":"open","sticky":false,"template":"","format":"standard","meta":{"footnotes":""},"categories":[14],"tags":[],"_links":{"self":[{"href":"https:\/\/enlamira.info\/index.php\/wp-json\/wp\/v2\/posts\/1997"}],"collection":[{"href":"https:\/\/enlamira.info\/index.php\/wp-json\/wp\/v2\/posts"}],"about":[{"href":"https:\/\/enlamira.info\/index.php\/wp-json\/wp\/v2\/types\/post"}],"author":[{"embeddable":true,"href":"https:\/\/enlamira.info\/index.php\/wp-json\/wp\/v2\/users\/2"}],"replies":[{"embeddable":true,"href":"https:\/\/enlamira.info\/index.php\/wp-json\/wp\/v2\/comments?post=1997"}],"version-history":[{"count":2,"href":"https:\/\/enlamira.info\/index.php\/wp-json\/wp\/v2\/posts\/1997\/revisions"}],"predecessor-version":[{"id":1999,"href":"https:\/\/enlamira.info\/index.php\/wp-json\/wp\/v2\/posts\/1997\/revisions\/1999"}],"wp:featuredmedia":[{"embeddable":true,"href":"https:\/\/enlamira.info\/index.php\/wp-json\/wp\/v2\/media\/2061"}],"wp:attachment":[{"href":"https:\/\/enlamira.info\/index.php\/wp-json\/wp\/v2\/media?parent=1997"}],"wp:term":[{"taxonomy":"category","embeddable":true,"href":"https:\/\/enlamira.info\/index.php\/wp-json\/wp\/v2\/categories?post=1997"},{"taxonomy":"post_tag","embeddable":true,"href":"https:\/\/enlamira.info\/index.php\/wp-json\/wp\/v2\/tags?post=1997"}],"curies":[{"name":"wp","href":"https:\/\/api.w.org\/{rel}","templated":true}]}}