{"id":19952,"date":"2025-11-12T12:57:49","date_gmt":"2025-11-12T15:57:49","guid":{"rendered":"https:\/\/enlamira.info\/?p=19952"},"modified":"2025-11-12T12:59:06","modified_gmt":"2025-11-12T15:59:06","slug":"doval-pidio-respaldar-a-la-nueva-cgt-y-aseguro-se-vienen-tiempos-muy-dificiles","status":"publish","type":"post","link":"https:\/\/enlamira.info\/index.php\/2025\/11\/12\/doval-pidio-respaldar-a-la-nueva-cgt-y-aseguro-se-vienen-tiempos-muy-dificiles\/","title":{"rendered":"Doval pidi\u00f3 respaldar a la nueva CGT y asegur\u00f3: \u201cSe vienen tiempos muy dif\u00edciles\u201d"},"content":{"rendered":"\n<p>El l\u00edder municipal dijo que las entidades del sector apoyar\u00e1n la nueva conducci\u00f3n de la central obrera, y rechaz\u00f3 la propuesta de reforma laboral del gobierno nacional: \u201cCuando flexibilizaron tuvimos el \u00edndice m\u00e1s alto de desocupaci\u00f3n de la historia Argentina\u201d.<\/p>\n\n\n\n<p>Hern\u00e1n Doval, titular de la Confederaci\u00f3n de Trabajadores Municipales de la Rep\u00fablica Argentina (CTM), advirti\u00f3 que el gobierno libertario busca imponer una reforma laboral y una reforma tributaria que afectar\u00e1n \u201clos derechos de los trabajadores\u201d. En un acto ante m\u00e1s de mil municipales en Bah\u00eda Blanca, en el marco de las celebraciones por el d\u00eda del trabajador municipal organizadas por el Sindicato de Trabajadores Municipales de Bah\u00eda Blanca (STMBB), Doval plante\u00f3 que \u201cse vienen momentos muy dif\u00edciles\u201d en el pa\u00eds.<\/p>\n\n\n\n<figure class=\"wp-block-video\"><video controls src=\"https:\/\/enlamira.info\/wp-content\/uploads\/2025\/11\/ssstwitter.com_1762962940570.mp4\"><\/video><\/figure>\n\n\n\n<p>El l\u00edder sindical, tambi\u00e9n titular de la Federaci\u00f3n de Sindicatos Municipales Bonaerenses (FESIMUBO) y del gremio de base de Avellaneda, alert\u00f3 que si no se le pone un l\u00edmite al Gobierno \u201cnos va a sacar los derechos\u201d. En ese sentido, pidi\u00f3: \u201cTenemos que salir a pelear en contra de la reforma laboral que quiere plantear el Gobierno que es ni m\u00e1s ni menos que la reforma que nos va a sacar los derechos\u201d.<\/p>\n\n\n\n<p>Doval critic\u00f3 la idea de que la flexibilizaci\u00f3n genere empleo y record\u00f3 impactos hist\u00f3ricos: \u201cNos quieren convencer que flexibilizando van a generar empleo. Cuando flexibilizaron tuvimos el \u00edndice m\u00e1s alto de desocupaci\u00f3n de la historia Argentina\u201d. Agreg\u00f3 que \u201ceso fue producto de la reforma laboral y la flexibilizaci\u00f3n\u201d.<\/p>\n\n\n\n<p>Sobre la reforma tributaria, indic\u00f3 que \u201ctodav\u00eda no sabemos los alcances de la reforma tributaria ni c\u00f3mo va a afectar a los municipios. Pero algo de eso va a traer\u201d. En relaci\u00f3n con la CGT, Doval remarc\u00f3 el malestar con la conformaci\u00f3n de la nueva conducci\u00f3n, pero ponder\u00f3 la unidad: \u201cEntiendo los enojos. Entiendo que no valoran nuestra organizaci\u00f3n, pero en este momento del pa\u00eds donde peligran los derechos y las organizaciones sindicales tenemos que preservar la unidad, nos guste o no nos guste quien est\u00e1 o quien deja de estar\u201d.<\/p>\n\n\n\n<figure class=\"wp-block-embed is-type-rich is-provider-twitter wp-block-embed-twitter\"><div class=\"wp-block-embed__wrapper\">\n<blockquote class=\"twitter-tweet\" data-width=\"550\" data-dnt=\"true\"><p lang=\"es\" dir=\"ltr\">EN BAH\u00cdA BLANCA: Acompa\u00f1\u00e9 a mi amigo Miguel Ag\u00fcero y a las trabajadoras y trabajadores municipales de Bah\u00eda Blanca en los festejos por el D\u00eda del Municipal. Gracias por el cari\u00f1o siempre..<br><br>Sindicato de Trabajadores Municipales de Bah\u00eda Blanca (STMBB) <a href=\"https:\/\/t.co\/xCe16ByXn3\">pic.twitter.com\/xCe16ByXn3<\/a><\/p>&mdash; Hern\u00e1n Doval (@herdoval) <a href=\"https:\/\/twitter.com\/herdoval\/status\/1987158354980913494?ref_src=twsrc%5Etfw\">November 8, 2025<\/a><\/blockquote><script async src=\"https:\/\/platform.twitter.com\/widgets.js\" charset=\"utf-8\"><\/script>\n<\/div><\/figure>\n\n\n\n<p>El gremialista inform\u00f3 que \u201ceste sindicato el mi\u00e9rcoles estuvo acompa\u00f1ando la CGT, con sus cuerpos de delegados y sus dirigentes\u201d. Y concluy\u00f3: \u201cTenemos que acompa\u00f1ar al nuevo triunvirato y tenemos que salir a la calle a defender los derechos. Si no le ponemos freno a esto no vamos a tener la posibilidad de construir un nuevo amanecer junto a nuestro pueblo\u201d.<\/p>\n\n\n\n<p>En Bah\u00eda Blanca, Doval acompa\u00f1\u00f3 al secretario general del Sindicato local de Empleados Municipales, Miguel Ag\u00fcero, y a las trabajadoras y trabajadores municipales. \u201cAcompa\u00f1\u00e9 a mi amigo Miguel Ag\u00fcero y a las trabajadoras y trabajadores municipales de Bah\u00eda Blanca en los festejos por el D\u00eda del Municipal. Gracias por el cari\u00f1o siempre\u201d, expres\u00f3.<\/p>\n\n\n\n<p>Adem\u00e1s, particip\u00f3 en los festejos del D\u00eda del Municipal en Tres Arroyos, junto al secretario general Abel G\u00f3mez y con la presencia del intendente Pablo Garate. \u201cEstuvimos en los festejos del D\u00eda del Municipal, junto al secretario general Abel G\u00f3mez y con la presencia del intendente Pablo Garate. Gracias a todas la compa\u00f1eras y todos los compa\u00f1eros por el recibimiento\u201d, manifest\u00f3.<\/p>\n","protected":false},"excerpt":{"rendered":"<p>El l\u00edder municipal dijo que las entidades del sector apoyar\u00e1n la nueva conducci\u00f3n de la central obrera, y rechaz\u00f3 la propuesta de reforma laboral del gobierno nacional: \u201cCuando flexibilizaron tuvimos el \u00edndice m\u00e1s alto de desocupaci\u00f3n de la historia Argentina\u201d. Hern\u00e1n Doval, titular de la Confederaci\u00f3n de Trabajadores Municipales de la Rep\u00fablica Argentina (CTM), advirti\u00f3 [&hellip;]<\/p>\n","protected":false},"author":4,"featured_media":19954,"comment_status":"open","ping_status":"open","sticky":false,"template":"","format":"standard","meta":{"footnotes":""},"categories":[20,5],"tags":[2069],"_links":{"self":[{"href":"https:\/\/enlamira.info\/index.php\/wp-json\/wp\/v2\/posts\/19952"}],"collection":[{"href":"https:\/\/enlamira.info\/index.php\/wp-json\/wp\/v2\/posts"}],"about":[{"href":"https:\/\/enlamira.info\/index.php\/wp-json\/wp\/v2\/types\/post"}],"author":[{"embeddable":true,"href":"https:\/\/enlamira.info\/index.php\/wp-json\/wp\/v2\/users\/4"}],"replies":[{"embeddable":true,"href":"https:\/\/enlamira.info\/index.php\/wp-json\/wp\/v2\/comments?post=19952"}],"version-history":[{"count":2,"href":"https:\/\/enlamira.info\/index.php\/wp-json\/wp\/v2\/posts\/19952\/revisions"}],"predecessor-version":[{"id":19956,"href":"https:\/\/enlamira.info\/index.php\/wp-json\/wp\/v2\/posts\/19952\/revisions\/19956"}],"wp:featuredmedia":[{"embeddable":true,"href":"https:\/\/enlamira.info\/index.php\/wp-json\/wp\/v2\/media\/19954"}],"wp:attachment":[{"href":"https:\/\/enlamira.info\/index.php\/wp-json\/wp\/v2\/media?parent=19952"}],"wp:term":[{"taxonomy":"category","embeddable":true,"href":"https:\/\/enlamira.info\/index.php\/wp-json\/wp\/v2\/categories?post=19952"},{"taxonomy":"post_tag","embeddable":true,"href":"https:\/\/enlamira.info\/index.php\/wp-json\/wp\/v2\/tags?post=19952"}],"curies":[{"name":"wp","href":"https:\/\/api.w.org\/{rel}","templated":true}]}}