{"id":1992,"date":"2024-03-26T11:24:53","date_gmt":"2024-03-26T14:24:53","guid":{"rendered":"https:\/\/enlamira.info\/?p=1992"},"modified":"2024-03-26T22:04:33","modified_gmt":"2024-03-27T01:04:33","slug":"dos-anos-sin-jugar-la-tremenda-sancion-que-recibio-gabigol-por-intento-de-fraude","status":"publish","type":"post","link":"https:\/\/enlamira.info\/index.php\/2024\/03\/26\/dos-anos-sin-jugar-la-tremenda-sancion-que-recibio-gabigol-por-intento-de-fraude\/","title":{"rendered":"Dos a\u00f1os sin jugar: la tremenda sanci\u00f3n que recibi\u00f3 Gabigol por intento de fraude"},"content":{"rendered":"\n<p>La medida comenzar\u00e1 a regir desde abril del 2024, aunque el brasile\u00f1o tendr\u00e1 lugar a apelaci\u00f3n<\/p>\n\n\n\n<p>Gabigol\u00a0se convirti\u00f3 en un futbolista bastante conocido para todo el f\u00fatbol argentino, a ra\u00edz de sus convocatorias a la\u00a0Selecci\u00f3n\u00a0de\u00a0Brasil\u00a0y sus buenas participaciones con\u00a0Flamengo\u00a0en la\u00a0Copa\u00a0Libertadores.<\/p>\n\n\n\n<p>Adem\u00e1s, tambi\u00e9n protagoniz\u00f3 varias declaraciones pol\u00e9micas durante el \u00faltimo tiempo que causaron todo tipo de reacciones en la gente, pero ahora volvi\u00f3 a ser noticia por un hecho ajeno a lo futbol\u00edstico.<\/p>\n\n\n\n<p>Este lunes,\u00a0se confirm\u00f3 que el delantero brasile\u00f1o fue suspendido nada menos que por dos a\u00f1os debido a un intento de fraude en un control antidoping.<\/p>\n\n\n\n<p>Seg\u00fan inform\u00f3 el periodista Germ\u00e1n Garc\u00eda Grova,\u00a0la sanci\u00f3n comienza a regir desde abril del 2024, por lo que tendr\u00e1 duraci\u00f3n hasta el mismo mes del 2026.<\/p>\n\n\n\n<p>De todas maneras,\u00a0el futbolista tendr\u00e1 la posibilidad de apelar dicha medida, aunque parece complicado que eso surja efecto.<\/p>\n","protected":false},"excerpt":{"rendered":"<p>La medida comenzar\u00e1 a regir desde abril del 2024, aunque el brasile\u00f1o tendr\u00e1 lugar a apelaci\u00f3n Gabigol\u00a0se convirti\u00f3 en un futbolista bastante conocido para todo el f\u00fatbol argentino, a ra\u00edz de sus convocatorias a la\u00a0Selecci\u00f3n\u00a0de\u00a0Brasil\u00a0y sus buenas participaciones con\u00a0Flamengo\u00a0en la\u00a0Copa\u00a0Libertadores. Adem\u00e1s, tambi\u00e9n protagoniz\u00f3 varias declaraciones pol\u00e9micas durante el \u00faltimo tiempo que causaron todo tipo de [&hellip;]<\/p>\n","protected":false},"author":2,"featured_media":1995,"comment_status":"open","ping_status":"open","sticky":false,"template":"","format":"standard","meta":{"footnotes":""},"categories":[14],"tags":[],"_links":{"self":[{"href":"https:\/\/enlamira.info\/index.php\/wp-json\/wp\/v2\/posts\/1992"}],"collection":[{"href":"https:\/\/enlamira.info\/index.php\/wp-json\/wp\/v2\/posts"}],"about":[{"href":"https:\/\/enlamira.info\/index.php\/wp-json\/wp\/v2\/types\/post"}],"author":[{"embeddable":true,"href":"https:\/\/enlamira.info\/index.php\/wp-json\/wp\/v2\/users\/2"}],"replies":[{"embeddable":true,"href":"https:\/\/enlamira.info\/index.php\/wp-json\/wp\/v2\/comments?post=1992"}],"version-history":[{"count":2,"href":"https:\/\/enlamira.info\/index.php\/wp-json\/wp\/v2\/posts\/1992\/revisions"}],"predecessor-version":[{"id":1996,"href":"https:\/\/enlamira.info\/index.php\/wp-json\/wp\/v2\/posts\/1992\/revisions\/1996"}],"wp:featuredmedia":[{"embeddable":true,"href":"https:\/\/enlamira.info\/index.php\/wp-json\/wp\/v2\/media\/1995"}],"wp:attachment":[{"href":"https:\/\/enlamira.info\/index.php\/wp-json\/wp\/v2\/media?parent=1992"}],"wp:term":[{"taxonomy":"category","embeddable":true,"href":"https:\/\/enlamira.info\/index.php\/wp-json\/wp\/v2\/categories?post=1992"},{"taxonomy":"post_tag","embeddable":true,"href":"https:\/\/enlamira.info\/index.php\/wp-json\/wp\/v2\/tags?post=1992"}],"curies":[{"name":"wp","href":"https:\/\/api.w.org\/{rel}","templated":true}]}}