{"id":19895,"date":"2025-11-08T21:38:41","date_gmt":"2025-11-09T00:38:41","guid":{"rendered":"https:\/\/enlamira.info\/?p=19895"},"modified":"2025-11-08T21:38:41","modified_gmt":"2025-11-09T00:38:41","slug":"lanus-y-su-historia-una-tarde-de-memoria-identidad-y-homenajes-en-valentin-alsina","status":"publish","type":"post","link":"https:\/\/enlamira.info\/index.php\/2025\/11\/08\/lanus-y-su-historia-una-tarde-de-memoria-identidad-y-homenajes-en-valentin-alsina\/","title":{"rendered":"LAN\u00daS Y SU HISTORIA: UNA TARDE DE MEMORIA, IDENTIDAD Y HOMENAJES EN VALENT\u00cdN ALSINA"},"content":{"rendered":"\n<p>La <strong>Biblioteca Popular Sarmiento de Valent\u00edn Alsina<\/strong> fue escenario de una tarde \u00fanica, donde la historia volvi\u00f3 a latir fuerte. All\u00ed se present\u00f3 el libro <em>\u201cLan\u00fas: la historia que nuestros abuelos no nos contaron\u201d<\/em>, del periodista e historiador <strong>N\u00e9stor Sierra Fern\u00e1ndez<\/strong>, con pr\u00f3logo de la <strong>Dra. Graciela Novoa Gaebeler<\/strong>, bisnieta de uno de los fundadores de la Villa General Paz, <strong>Guillermo Gaebeler<\/strong>.<\/p>\n\n\n\n<p>El encuentro comenz\u00f3 con palabras de <strong>Diego<\/strong>, miembro de la comisi\u00f3n de la biblioteca, quien destac\u00f3 la labor de <strong>Mabel \u00c1lvarez<\/strong>, pionera en rescatar la historia local:<\/p>\n\n\n\n<blockquote class=\"wp-block-quote\">\n<p>\u201cNos toca continuar el trabajo inmenso que inici\u00f3 Mabel, para que la memoria de Valent\u00edn Alsina no se pierda\u201d.<\/p>\n<\/blockquote>\n\n\n\n<figure class=\"wp-block-image size-large\"><img loading=\"lazy\" decoding=\"async\" width=\"576\" height=\"1024\" src=\"https:\/\/enlamira.info\/wp-content\/uploads\/2025\/11\/0549fd6b-cc39-4b5f-9c86-4d705923eb37-576x1024.jpg\" alt=\"\" class=\"wp-image-19913\" srcset=\"https:\/\/enlamira.info\/wp-content\/uploads\/2025\/11\/0549fd6b-cc39-4b5f-9c86-4d705923eb37-576x1024.jpg 576w, https:\/\/enlamira.info\/wp-content\/uploads\/2025\/11\/0549fd6b-cc39-4b5f-9c86-4d705923eb37-169x300.jpg 169w, https:\/\/enlamira.info\/wp-content\/uploads\/2025\/11\/0549fd6b-cc39-4b5f-9c86-4d705923eb37.jpg 720w\" sizes=\"(max-width: 576px) 100vw, 576px\" \/><\/figure>\n\n\n\n<p>El autor <strong>N\u00e9stor Sierra Fern\u00e1ndez<\/strong> agradeci\u00f3 el acompa\u00f1amiento del p\u00fablico y de las instituciones locales, subrayando el esp\u00edritu del libro:<\/p>\n\n\n\n<blockquote class=\"wp-block-quote\">\n<p>\u201cEste trabajo busca rescatar lo que nuestros abuelos no nos contaron, pero que forma parte de nuestra identidad. Lan\u00fas naci\u00f3 del esfuerzo de su gente y de la memoria que nos une con Avellaneda\u201d.<\/p>\n<\/blockquote>\n\n\n\n<figure class=\"wp-block-image size-large\"><img loading=\"lazy\" decoding=\"async\" width=\"576\" height=\"1024\" src=\"https:\/\/enlamira.info\/wp-content\/uploads\/2025\/11\/25baa19f-7624-40ec-980f-c29db74a975b-576x1024.jpg\" alt=\"\" class=\"wp-image-19914\" srcset=\"https:\/\/enlamira.info\/wp-content\/uploads\/2025\/11\/25baa19f-7624-40ec-980f-c29db74a975b-576x1024.jpg 576w, https:\/\/enlamira.info\/wp-content\/uploads\/2025\/11\/25baa19f-7624-40ec-980f-c29db74a975b-169x300.jpg 169w, https:\/\/enlamira.info\/wp-content\/uploads\/2025\/11\/25baa19f-7624-40ec-980f-c29db74a975b.jpg 720w\" sizes=\"(max-width: 576px) 100vw, 576px\" \/><\/figure>\n\n\n\n<p>La <strong>Dra. Graciela Novoa Gaebeler<\/strong>, quien acompa\u00f1\u00f3 al autor durante la presentaci\u00f3n, record\u00f3 con emoci\u00f3n la figura de su bisabuelo y la gesta fundacional de la zona. \u201cCada historia, cada documento, cada foto, es una parte de nosotros mismos\u201d, sostuvo.<\/p>\n\n\n\n<p>El evento cont\u00f3 con la presencia destacada de la <strong>concejal Anabella Ron<\/strong>, la <strong>ex concejal Noelia Quindimil<\/strong> \u2014sobrina del recordado intendente <strong>Manolo Quindimil<\/strong>\u2014, la historiadora <strong>Mabel \u00c1lvarez<\/strong> y el tambi\u00e9n historiador <strong>Rudy Varela<\/strong>, autor del cl\u00e1sico <em>\u201cLa \u00e9poca r\u00fastica de Avellaneda\u2013Lan\u00fas\u201d<\/em> y de un reconocido libro sobre <em>Las invasiones inglesas<\/em>.<\/p>\n\n\n\n<p>Durante la charla se remarc\u00f3 un dato hist\u00f3rico clave: <strong>Lan\u00fas fue originalmente parte del partido de Avellaneda<\/strong>, del que se separ\u00f3 durante el gobierno del poderoso <strong>Ernesto Pilling Barcel\u00f3<\/strong>, en una \u00e9poca en que el sur del conurbano comenzaba a definir su propia identidad.<\/p>\n\n\n\n<p>Tambi\u00e9n particip\u00f3 el <strong>director de Multimedio En La Mira, Marcelo Brunwald<\/strong>, quien valor\u00f3 la tarea de mantener viva la historia local y el v\u00ednculo entre Avellaneda y Lan\u00fas: \u201cDos distritos hermanados por la misma ra\u00edz y por vecinos que siguen creyendo en la memoria como un acto de justicia\u201d.<\/p>\n\n\n\n<figure class=\"wp-block-image size-large\"><img loading=\"lazy\" decoding=\"async\" width=\"576\" height=\"1024\" src=\"https:\/\/enlamira.info\/wp-content\/uploads\/2025\/11\/9e8123f6-d14c-465b-b1cb-06c23c696a74-576x1024.jpg\" alt=\"\" class=\"wp-image-19911\" srcset=\"https:\/\/enlamira.info\/wp-content\/uploads\/2025\/11\/9e8123f6-d14c-465b-b1cb-06c23c696a74-576x1024.jpg 576w, https:\/\/enlamira.info\/wp-content\/uploads\/2025\/11\/9e8123f6-d14c-465b-b1cb-06c23c696a74-169x300.jpg 169w, https:\/\/enlamira.info\/wp-content\/uploads\/2025\/11\/9e8123f6-d14c-465b-b1cb-06c23c696a74.jpg 720w\" sizes=\"(max-width: 576px) 100vw, 576px\" \/><\/figure>\n\n\n\n<p>Fue una jornada cargada de an\u00e9cdotas, preguntas, emociones y reencuentros entre historiadores, docentes y vecinos. Una tarde que reafirm\u00f3 que <strong>la historia no es pasado, sino una forma de entender qui\u00e9nes somos hoy<\/strong>.<\/p>\n\n\n\n<figure class=\"wp-block-image size-large\"><img loading=\"lazy\" decoding=\"async\" width=\"576\" height=\"1024\" src=\"https:\/\/enlamira.info\/wp-content\/uploads\/2025\/11\/20a0e3f4-68b1-42a3-8f79-8d3f4bf864c3-576x1024.jpg\" alt=\"\" class=\"wp-image-19910\" srcset=\"https:\/\/enlamira.info\/wp-content\/uploads\/2025\/11\/20a0e3f4-68b1-42a3-8f79-8d3f4bf864c3-576x1024.jpg 576w, https:\/\/enlamira.info\/wp-content\/uploads\/2025\/11\/20a0e3f4-68b1-42a3-8f79-8d3f4bf864c3-169x300.jpg 169w, https:\/\/enlamira.info\/wp-content\/uploads\/2025\/11\/20a0e3f4-68b1-42a3-8f79-8d3f4bf864c3.jpg 720w\" sizes=\"(max-width: 576px) 100vw, 576px\" \/><\/figure>\n\n\n\n<figure class=\"wp-block-embed is-type-video is-provider-youtube wp-block-embed-youtube wp-embed-aspect-16-9 wp-has-aspect-ratio\"><div class=\"wp-block-embed__wrapper\">\n<iframe loading=\"lazy\" title=\"LAN\u00daS: PRESENTACI\u00d3N LIBRO DE N\u00c9STOR SIERRA FERN\u00c1NDEZ \" width=\"640\" height=\"360\" src=\"https:\/\/www.youtube.com\/embed\/tTGKad8kfN4?feature=oembed\" frameborder=\"0\" allow=\"accelerometer; autoplay; clipboard-write; encrypted-media; gyroscope; picture-in-picture; web-share\" referrerpolicy=\"strict-origin-when-cross-origin\" allowfullscreen><\/iframe>\n<\/div><\/figure>\n","protected":false},"excerpt":{"rendered":"<p>La Biblioteca Popular Sarmiento de Valent\u00edn Alsina fue escenario de una tarde \u00fanica, donde la historia volvi\u00f3 a latir fuerte. All\u00ed se present\u00f3 el libro \u201cLan\u00fas: la historia que nuestros abuelos no nos contaron\u201d, del periodista e historiador N\u00e9stor Sierra Fern\u00e1ndez, con pr\u00f3logo de la Dra. Graciela Novoa Gaebeler, bisnieta de uno de los fundadores [&hellip;]<\/p>\n","protected":false},"author":4,"featured_media":19915,"comment_status":"open","ping_status":"open","sticky":false,"template":"","format":"standard","meta":{"footnotes":""},"categories":[1,34],"tags":[2067,2065,2064,2066],"_links":{"self":[{"href":"https:\/\/enlamira.info\/index.php\/wp-json\/wp\/v2\/posts\/19895"}],"collection":[{"href":"https:\/\/enlamira.info\/index.php\/wp-json\/wp\/v2\/posts"}],"about":[{"href":"https:\/\/enlamira.info\/index.php\/wp-json\/wp\/v2\/types\/post"}],"author":[{"embeddable":true,"href":"https:\/\/enlamira.info\/index.php\/wp-json\/wp\/v2\/users\/4"}],"replies":[{"embeddable":true,"href":"https:\/\/enlamira.info\/index.php\/wp-json\/wp\/v2\/comments?post=19895"}],"version-history":[{"count":1,"href":"https:\/\/enlamira.info\/index.php\/wp-json\/wp\/v2\/posts\/19895\/revisions"}],"predecessor-version":[{"id":19916,"href":"https:\/\/enlamira.info\/index.php\/wp-json\/wp\/v2\/posts\/19895\/revisions\/19916"}],"wp:featuredmedia":[{"embeddable":true,"href":"https:\/\/enlamira.info\/index.php\/wp-json\/wp\/v2\/media\/19915"}],"wp:attachment":[{"href":"https:\/\/enlamira.info\/index.php\/wp-json\/wp\/v2\/media?parent=19895"}],"wp:term":[{"taxonomy":"category","embeddable":true,"href":"https:\/\/enlamira.info\/index.php\/wp-json\/wp\/v2\/categories?post=19895"},{"taxonomy":"post_tag","embeddable":true,"href":"https:\/\/enlamira.info\/index.php\/wp-json\/wp\/v2\/tags?post=19895"}],"curies":[{"name":"wp","href":"https:\/\/api.w.org\/{rel}","templated":true}]}}