{"id":19894,"date":"2025-11-08T22:47:45","date_gmt":"2025-11-09T01:47:45","guid":{"rendered":"https:\/\/enlamira.info\/?p=19894"},"modified":"2025-11-08T22:47:45","modified_gmt":"2025-11-09T01:47:45","slug":"inundaciones-en-pba-patricia-bullrich-anuncio-el-giro-de-1900-millones-a-los-municipios-afectados","status":"publish","type":"post","link":"https:\/\/enlamira.info\/index.php\/2025\/11\/08\/inundaciones-en-pba-patricia-bullrich-anuncio-el-giro-de-1900-millones-a-los-municipios-afectados\/","title":{"rendered":"Inundaciones en PBA: Patricia Bullrich anunci\u00f3 el giro de $1900 millones a los municipios afectados"},"content":{"rendered":"\n<p>La ministra de seguridad puso en funcionamiento un centro de emergencia en el municipio de 9 de Julio, uno de los m\u00e1s cr\u00edticos. Tambi\u00e9n anunci\u00f3 una l\u00ednea de cr\u00e9dito para los productores rurales afectados.<\/p>\n\n\n\n<p>La ministra de Seguridad, Patricia Bullrich, visit\u00f3 este s\u00e1bado al municipio de 9 de Julio, uno de los m\u00e1s afectados por las severas inundaciones en el interior de la provincia de Buenos Aires.<\/p>\n\n\n\n<p>Tras una reuni\u00f3n con los intendentes de las zonas afectadas, el Ministerio puso en funcionamiento un centro de emergencias en la mencionada localidad, una de las que se encuentran en estado m\u00e1s cr\u00edtico.<\/p>\n\n\n\n<p>La ministra de Seguridad Patricia Bullrich, reunida con los intendentes de las zonas inundadas de PBA.<\/p>\n\n\n\n<p>A su vez, se enunci\u00f3 que el Gobierno nacional enviar\u00e1 1900 millones de pesos a los municipios afectados, y la apertura de una l\u00ednea de cr\u00e9ditos del Banco Naci\u00f3n para productores.<\/p>\n\n\n\n<p>Al respecto, Patricia Bullrich dijo que los prestamos ser\u00e1n \u201ca sola firma\u201d y con \u201ctasa mucho m\u00e1s baja\u201d. A su vez, correr\u00e1 en paralelo a esta medida, la postergaci\u00f3n del pago de impuestos, a la vez que la llegada de agentes de Vialidad y del Ej\u00e9rcito.<\/p>\n\n\n\n<p>Respuesta de la Mesa de Enlace<\/p>\n\n\n\n<p>Los dirigentes de las cuatro asociaciones de productores rurales (la Confederaci\u00f3n Rural Argentina; la Sociedad Rural Argentina; la Federaci\u00f3n Agraria Argentina; y Coninagro), aglutinados en la Mesa de Enlace, aprobaron los anuncios.<\/p>\n\n\n\n<p>Sin embargo, coincidieron en que las medidas no representan una soluci\u00f3n \u201cinmediata\u201d a la grave situaci\u00f3n que atraviesa la producci\u00f3n rural en la provincia de Buenos Aires.<\/p>\n","protected":false},"excerpt":{"rendered":"<p>La ministra de seguridad puso en funcionamiento un centro de emergencia en el municipio de 9 de Julio, uno de los m\u00e1s cr\u00edticos. Tambi\u00e9n anunci\u00f3 una l\u00ednea de cr\u00e9dito para los productores rurales afectados. La ministra de Seguridad, Patricia Bullrich, visit\u00f3 este s\u00e1bado al municipio de 9 de Julio, uno de los m\u00e1s afectados por [&hellip;]<\/p>\n","protected":false},"author":4,"featured_media":19931,"comment_status":"open","ping_status":"open","sticky":false,"template":"","format":"standard","meta":{"footnotes":""},"categories":[20,5,34],"tags":[],"_links":{"self":[{"href":"https:\/\/enlamira.info\/index.php\/wp-json\/wp\/v2\/posts\/19894"}],"collection":[{"href":"https:\/\/enlamira.info\/index.php\/wp-json\/wp\/v2\/posts"}],"about":[{"href":"https:\/\/enlamira.info\/index.php\/wp-json\/wp\/v2\/types\/post"}],"author":[{"embeddable":true,"href":"https:\/\/enlamira.info\/index.php\/wp-json\/wp\/v2\/users\/4"}],"replies":[{"embeddable":true,"href":"https:\/\/enlamira.info\/index.php\/wp-json\/wp\/v2\/comments?post=19894"}],"version-history":[{"count":1,"href":"https:\/\/enlamira.info\/index.php\/wp-json\/wp\/v2\/posts\/19894\/revisions"}],"predecessor-version":[{"id":19932,"href":"https:\/\/enlamira.info\/index.php\/wp-json\/wp\/v2\/posts\/19894\/revisions\/19932"}],"wp:featuredmedia":[{"embeddable":true,"href":"https:\/\/enlamira.info\/index.php\/wp-json\/wp\/v2\/media\/19931"}],"wp:attachment":[{"href":"https:\/\/enlamira.info\/index.php\/wp-json\/wp\/v2\/media?parent=19894"}],"wp:term":[{"taxonomy":"category","embeddable":true,"href":"https:\/\/enlamira.info\/index.php\/wp-json\/wp\/v2\/categories?post=19894"},{"taxonomy":"post_tag","embeddable":true,"href":"https:\/\/enlamira.info\/index.php\/wp-json\/wp\/v2\/tags?post=19894"}],"curies":[{"name":"wp","href":"https:\/\/api.w.org\/{rel}","templated":true}]}}