{"id":19893,"date":"2025-11-08T22:12:15","date_gmt":"2025-11-09T01:12:15","guid":{"rendered":"https:\/\/enlamira.info\/?p=19893"},"modified":"2025-11-08T22:46:34","modified_gmt":"2025-11-09T01:46:34","slug":"50-anos-del-servicio-sacerdotal-de-urgencia-medio-siglo-acompanando-en-las-noches-mas-dificiles","status":"publish","type":"post","link":"https:\/\/enlamira.info\/index.php\/2025\/11\/08\/50-anos-del-servicio-sacerdotal-de-urgencia-medio-siglo-acompanando-en-las-noches-mas-dificiles\/","title":{"rendered":"50 a\u00f1os del Servicio Sacerdotal de Urgencia: medio siglo acompa\u00f1ando en las noches m\u00e1s dif\u00edciles"},"content":{"rendered":"\n<p>Este fin de semana, la <strong>Parroquia San Jorge de Lan\u00fas Este<\/strong> se visti\u00f3 de emoci\u00f3n y gratitud al celebrar los <strong>50 a\u00f1os del Servicio Sacerdotal de Urgencia<\/strong> de la di\u00f3cesis <strong>Avellaneda-Lan\u00fas<\/strong>. Con una misa presidida por el <strong>Obispo Monse\u00f1or Maxi Margni<\/strong>, se rindi\u00f3 homenaje a todos los <strong>guardianes<\/strong>, hombres y mujeres que \u2014sin importar la hora ni el d\u00eda\u2014 responden cuando una familia necesita consuelo, esperanza o una oraci\u00f3n en el momento m\u00e1s duro de la vida.<\/p>\n\n\n\n<figure class=\"wp-block-video\"><video controls src=\"https:\/\/enlamira.info\/wp-content\/uploads\/2025\/11\/video4936404160393250356.mp4\"><\/video><\/figure>\n\n\n\n<p>En la ceremonia se record\u00f3 a quienes ya partieron, y se destac\u00f3 la presencia de los que hoy contin\u00faan la tarea, algunos con m\u00e1s de cuatro d\u00e9cadas de servicio. Monse\u00f1or Margni reflexion\u00f3 sobre el valor humano y espiritual de esta labor:<\/p>\n\n\n\n<figure class=\"wp-block-image size-large\"><img loading=\"lazy\" decoding=\"async\" width=\"1024\" height=\"472\" src=\"https:\/\/enlamira.info\/wp-content\/uploads\/2025\/11\/G5RXWipWUAIVzqm-1024x472.jpg\" alt=\"\" class=\"wp-image-19926\" srcset=\"https:\/\/enlamira.info\/wp-content\/uploads\/2025\/11\/G5RXWipWUAIVzqm-1024x472.jpg 1024w, https:\/\/enlamira.info\/wp-content\/uploads\/2025\/11\/G5RXWipWUAIVzqm-300x138.jpg 300w, https:\/\/enlamira.info\/wp-content\/uploads\/2025\/11\/G5RXWipWUAIVzqm-768x354.jpg 768w, https:\/\/enlamira.info\/wp-content\/uploads\/2025\/11\/G5RXWipWUAIVzqm-1536x708.jpg 1536w, https:\/\/enlamira.info\/wp-content\/uploads\/2025\/11\/G5RXWipWUAIVzqm.jpg 1600w\" sizes=\"(max-width: 1024px) 100vw, 1024px\" \/><\/figure>\n\n\n\n<blockquote class=\"wp-block-quote\">\n<p>\u201cEn 50 a\u00f1os, cambi\u00f3 el mundo, cambi\u00f3 la tecnolog\u00eda, cambiaron las costumbres\u2026 pero lo que nunca va a cambiar es la necesidad del ser humano de estar cerca del otro, de acompa\u00f1ar, de cuidar. Eso es lo que nos hace verdaderamente humanos y nos acerca a Dios.\u201d<\/p>\n<\/blockquote>\n\n\n\n<figure class=\"wp-block-image size-large\"><img loading=\"lazy\" decoding=\"async\" width=\"1024\" height=\"768\" src=\"https:\/\/enlamira.info\/wp-content\/uploads\/2025\/11\/G5RXWisWUAIVxrr-1024x768.jpg\" alt=\"\" class=\"wp-image-19927\" srcset=\"https:\/\/enlamira.info\/wp-content\/uploads\/2025\/11\/G5RXWisWUAIVxrr-1024x768.jpg 1024w, https:\/\/enlamira.info\/wp-content\/uploads\/2025\/11\/G5RXWisWUAIVxrr-300x225.jpg 300w, https:\/\/enlamira.info\/wp-content\/uploads\/2025\/11\/G5RXWisWUAIVxrr-768x576.jpg 768w, https:\/\/enlamira.info\/wp-content\/uploads\/2025\/11\/G5RXWisWUAIVxrr.jpg 1280w\" sizes=\"(max-width: 1024px) 100vw, 1024px\" \/><\/figure>\n\n\n\n<p>El <strong>Servicio Sacerdotal de Urgencia<\/strong> funciona <strong>todas las noches del a\u00f1o<\/strong>, incluso <strong>Navidad y A\u00f1o Nuevo<\/strong>, brindando atenci\u00f3n espiritual entre las <strong>21:30 y las 6:00<\/strong>, con sacerdotes y guardianes dispuestos a asistir ante la enfermedad o la muerte.<\/p>\n\n\n\n<figure class=\"wp-block-image size-large\"><img loading=\"lazy\" decoding=\"async\" width=\"1024\" height=\"981\" src=\"https:\/\/enlamira.info\/wp-content\/uploads\/2025\/11\/G5RXWuFXIAAf8xX-1024x981.jpg\" alt=\"\" class=\"wp-image-19928\" srcset=\"https:\/\/enlamira.info\/wp-content\/uploads\/2025\/11\/G5RXWuFXIAAf8xX-1024x981.jpg 1024w, https:\/\/enlamira.info\/wp-content\/uploads\/2025\/11\/G5RXWuFXIAAf8xX-300x287.jpg 300w, https:\/\/enlamira.info\/wp-content\/uploads\/2025\/11\/G5RXWuFXIAAf8xX-768x736.jpg 768w, https:\/\/enlamira.info\/wp-content\/uploads\/2025\/11\/G5RXWuFXIAAf8xX-1536x1472.jpg 1536w, https:\/\/enlamira.info\/wp-content\/uploads\/2025\/11\/G5RXWuFXIAAf8xX.jpg 1600w\" sizes=\"(max-width: 1024px) 100vw, 1024px\" \/><\/figure>\n\n\n\n<figure class=\"wp-block-image size-full\"><img loading=\"lazy\" decoding=\"async\" width=\"450\" height=\"800\" src=\"https:\/\/enlamira.info\/wp-content\/uploads\/2025\/11\/b718f07b-6260-4754-b441-074bb000aae5.jpg\" alt=\"\" class=\"wp-image-19923\" srcset=\"https:\/\/enlamira.info\/wp-content\/uploads\/2025\/11\/b718f07b-6260-4754-b441-074bb000aae5.jpg 450w, https:\/\/enlamira.info\/wp-content\/uploads\/2025\/11\/b718f07b-6260-4754-b441-074bb000aae5-169x300.jpg 169w\" sizes=\"(max-width: 450px) 100vw, 450px\" \/><\/figure>\n\n\n\n<blockquote class=\"wp-block-quote\">\n<p>\u201cIntentamos dar consuelo en esos momentos cruciales de la vida de una persona. Buscamos poder despedir a un ser querido d\u00e1ndole la unci\u00f3n de los enfermos, que es la \u00faltima caricia de Dios en vida\u201d, explica <em>Miguel, \u201cEl Tano\u201d<\/em>, un guardi\u00e1n de la vieja escuela, de profesi\u00f3n mec\u00e1nico, que lleva m\u00e1s de 40 a\u00f1os al servicio de esta misi\u00f3n.<\/p>\n<\/blockquote>\n\n\n\n<figure class=\"wp-block-image size-large\"><img loading=\"lazy\" decoding=\"async\" width=\"1024\" height=\"768\" src=\"https:\/\/enlamira.info\/wp-content\/uploads\/2025\/11\/150f1587-30c2-4555-afad-9bcd20cc3742-1024x768.jpg\" alt=\"\" class=\"wp-image-19918\" srcset=\"https:\/\/enlamira.info\/wp-content\/uploads\/2025\/11\/150f1587-30c2-4555-afad-9bcd20cc3742-1024x768.jpg 1024w, https:\/\/enlamira.info\/wp-content\/uploads\/2025\/11\/150f1587-30c2-4555-afad-9bcd20cc3742-300x225.jpg 300w, https:\/\/enlamira.info\/wp-content\/uploads\/2025\/11\/150f1587-30c2-4555-afad-9bcd20cc3742-768x576.jpg 768w, https:\/\/enlamira.info\/wp-content\/uploads\/2025\/11\/150f1587-30c2-4555-afad-9bcd20cc3742.jpg 1280w\" sizes=\"(max-width: 1024px) 100vw, 1024px\" \/><\/figure>\n\n\n\n<p>En un emotivo gesto, \u201cEl Tano\u201d comparti\u00f3 un abrazo con <strong>Santiago Falcone<\/strong>, uno de los m\u00e1s j\u00f3venes del grupo, en una imagen que simboliz\u00f3 el paso de antorcha entre generaciones. Dos vidas, dos tiempos, un mismo prop\u00f3sito: sostener la fe y la humanidad de quienes atraviesan el dolor.<\/p>\n\n\n\n<p>El obispo resumi\u00f3 el esp\u00edritu del encuentro con palabras que quedaron resonando en el templo:<\/p>\n\n\n\n<blockquote class=\"wp-block-quote\">\n<p>\u201cNada reemplaza la cercan\u00eda, el perd\u00f3n, la compasi\u00f3n y el amor. Ni la tecnolog\u00eda, ni los discursos, ni las guerras. Lo \u00fanico que transforma verdaderamente el mundo es el amor que se hace presencia.\u201d<\/p>\n<\/blockquote>\n\n\n\n<p>\ud83d\udcde <strong>Servicio Sacerdotal de Urgencia \u2013 Avellaneda-Lan\u00fas<\/strong><br>\ud83d\udc49 De 21:30 a 06:00 hs<br>\ud83d\udcf2 <strong>11-4415-8330<\/strong><\/p>\n\n\n\n<p>\u2728 <em>Porque cuando transites la noche m\u00e1s oscura de tu vida, all\u00ed estar\u00e1n los guardianes: para darte luz a vos y a tus seres queridos. La luz de Dios, de Jes\u00fas, de la Iglesia\u2026 iluminando el camino de quien parte y de quien queda.<\/em><\/p>\n\n\n\n<figure class=\"wp-block-embed is-type-video is-provider-youtube wp-block-embed-youtube wp-embed-aspect-16-9 wp-has-aspect-ratio\"><div class=\"wp-block-embed__wrapper\">\n<iframe loading=\"lazy\" title=\"LAN\u00daS: 50 ANIVERSARIO SERVICIO SACERDOTAL DE URGENCIA. OBISPO MAXI MARGNI \" width=\"640\" height=\"360\" src=\"https:\/\/www.youtube.com\/embed\/m8uGbSMkFcs?feature=oembed\" frameborder=\"0\" allow=\"accelerometer; autoplay; clipboard-write; encrypted-media; gyroscope; picture-in-picture; web-share\" referrerpolicy=\"strict-origin-when-cross-origin\" allowfullscreen><\/iframe>\n<\/div><\/figure>\n","protected":false},"excerpt":{"rendered":"<p>Este fin de semana, la Parroquia San Jorge de Lan\u00fas Este se visti\u00f3 de emoci\u00f3n y gratitud al celebrar los 50 a\u00f1os del Servicio Sacerdotal de Urgencia de la di\u00f3cesis Avellaneda-Lan\u00fas. Con una misa presidida por el Obispo Monse\u00f1or Maxi Margni, se rindi\u00f3 homenaje a todos los guardianes, hombres y mujeres que \u2014sin importar la [&hellip;]<\/p>\n","protected":false},"author":4,"featured_media":19924,"comment_status":"open","ping_status":"open","sticky":false,"template":"","format":"standard","meta":{"footnotes":""},"categories":[1,34],"tags":[2068],"_links":{"self":[{"href":"https:\/\/enlamira.info\/index.php\/wp-json\/wp\/v2\/posts\/19893"}],"collection":[{"href":"https:\/\/enlamira.info\/index.php\/wp-json\/wp\/v2\/posts"}],"about":[{"href":"https:\/\/enlamira.info\/index.php\/wp-json\/wp\/v2\/types\/post"}],"author":[{"embeddable":true,"href":"https:\/\/enlamira.info\/index.php\/wp-json\/wp\/v2\/users\/4"}],"replies":[{"embeddable":true,"href":"https:\/\/enlamira.info\/index.php\/wp-json\/wp\/v2\/comments?post=19893"}],"version-history":[{"count":3,"href":"https:\/\/enlamira.info\/index.php\/wp-json\/wp\/v2\/posts\/19893\/revisions"}],"predecessor-version":[{"id":19930,"href":"https:\/\/enlamira.info\/index.php\/wp-json\/wp\/v2\/posts\/19893\/revisions\/19930"}],"wp:featuredmedia":[{"embeddable":true,"href":"https:\/\/enlamira.info\/index.php\/wp-json\/wp\/v2\/media\/19924"}],"wp:attachment":[{"href":"https:\/\/enlamira.info\/index.php\/wp-json\/wp\/v2\/media?parent=19893"}],"wp:term":[{"taxonomy":"category","embeddable":true,"href":"https:\/\/enlamira.info\/index.php\/wp-json\/wp\/v2\/categories?post=19893"},{"taxonomy":"post_tag","embeddable":true,"href":"https:\/\/enlamira.info\/index.php\/wp-json\/wp\/v2\/tags?post=19893"}],"curies":[{"name":"wp","href":"https:\/\/api.w.org\/{rel}","templated":true}]}}