{"id":1980,"date":"2024-03-26T11:21:24","date_gmt":"2024-03-26T14:21:24","guid":{"rendered":"https:\/\/enlamira.info\/?p=1980"},"modified":"2024-03-26T22:07:18","modified_gmt":"2024-03-27T01:07:18","slug":"la-escalofriante-declaracion-de-la-joven-que-denuncio-a-los-jugadores-de-velez","status":"publish","type":"post","link":"https:\/\/enlamira.info\/index.php\/2024\/03\/26\/la-escalofriante-declaracion-de-la-joven-que-denuncio-a-los-jugadores-de-velez\/","title":{"rendered":"La escalofriante declaraci\u00f3n de la joven que denunci\u00f3 a los jugadores de V\u00e9lez"},"content":{"rendered":"\n<p>Apareci\u00f3 el crudo relato que hizo la mujer sobre el supuesto ataque sexual que ocurri\u00f3 el 3 de marzo en Tucum\u00e1n, por el que se investiga a Florent\u00edn, Cufr\u00e9, Osorio y Sosa.<\/p>\n\n\n\n<p>\u201cPor dentro mi alma est\u00e1 desgarrada\u201d. Con esta frase, la periodista de 24 a\u00f1os que denunci\u00f3 ante la justicia haber sido abusada sexualmente por los\u00a0jugadores de V\u00e9lez\u00a0Sebasti\u00e1n Sosa, Braian Cufr\u00e9, Abiel Osorio y Jos\u00e9 Ignacio Florent\u00edn en\u00a0Tucum\u00e1n, resumi\u00f3 su estado de \u00e1nimo mientras contin\u00faa el proceso judicial.<\/p>\n\n\n\n<p>\u201cMi vida es un infierno y una c\u00e1rcel desde hace tres semanas, me parece una locura. Yo\u00a0tengo miedo de que se fuguen.\u00a0Los medios econ\u00f3micos los tienen y las posibilidades tambi\u00e9n. No me parecer\u00eda justo que ellos pasen lo que queda del juicio en una casa, en un country, con pileta, con un arco de f\u00fatbol pas\u00e1ndola bien cuando mi vida es un infierno hace tres semanas\u201d, arranc\u00f3 la v\u00edctima el relato.<\/p>\n\n\n\n<p>En medio de un profundo silencio en la sala, la denunciante dijo: \u201cYo acepto voluntariamente ir a un hotel con cuatro personas, poniendo textual (al referirse a los mensajes con Sosa) que no se desubiquen, yo en ning\u00fan momento digo s\u00ed \u2018fiesta loca para todos\u2019.\u00a0Yo di mi consentimiento para ir voluntariamente, pero todo lo que pas\u00f3 despu\u00e9s no estuvo consentido. Yo acept\u00e9 ir espont\u00e1neamente todo lo que sigue despu\u00e9s no lo acepto\u201d.<\/p>\n\n\n\n<p>La declaraci\u00f3n dur\u00f3 casi media hora y, con detalles estremecedores, cont\u00f3 c\u00f3mo se sinti\u00f3 durante el tiempo que estuvo en la habitaci\u00f3n y en los d\u00edas posteriores: \u201cYo no estaba en mis cabales, en ning\u00fan momento estuve 100% l\u00facida, la cabeza por algunos momentos me respond\u00eda, pero el cuerpo no\u201d.<\/p>\n\n\n\n<p>\u201cFui a mi ginec\u00f3loga el lunes en un ataque de angustia total llorando y temblando pidiendo por favor que me atiendan. \u00bfEntonces por qu\u00e9 voy as\u00ed a la ginec\u00f3loga?, si a m\u00ed no me hab\u00edan hecho nada, como dicen ellos, que fue todo consentido \u2026la cabeza por momentos me funcionaba, pero el cuerpo no\u201d, detall\u00f3 la joven de 24 a\u00f1os.<\/p>\n\n\n\n<p><br>\u201c\u00bfQu\u00e9 yo ped\u00ed plata para volverme a mi casa? Yo no le pido plata a nadie, nunca en mi vida. La imagen\u00a0m\u00eda de desatar de mi bombacha el fajo de plata, me genera repugnancia. Que me pagaron por lo que me han hecho o me quer\u00edan callar por lo que me hab\u00edan hecho: una de las dos cosas. Seguro\u201d, concluy\u00f3 la v\u00edctima.<\/p>\n","protected":false},"excerpt":{"rendered":"<p>Apareci\u00f3 el crudo relato que hizo la mujer sobre el supuesto ataque sexual que ocurri\u00f3 el 3 de marzo en Tucum\u00e1n, por el que se investiga a Florent\u00edn, Cufr\u00e9, Osorio y Sosa. \u201cPor dentro mi alma est\u00e1 desgarrada\u201d. Con esta frase, la periodista de 24 a\u00f1os que denunci\u00f3 ante la justicia haber sido abusada sexualmente [&hellip;]<\/p>\n","protected":false},"author":2,"featured_media":1982,"comment_status":"open","ping_status":"open","sticky":false,"template":"","format":"standard","meta":{"footnotes":""},"categories":[14],"tags":[],"_links":{"self":[{"href":"https:\/\/enlamira.info\/index.php\/wp-json\/wp\/v2\/posts\/1980"}],"collection":[{"href":"https:\/\/enlamira.info\/index.php\/wp-json\/wp\/v2\/posts"}],"about":[{"href":"https:\/\/enlamira.info\/index.php\/wp-json\/wp\/v2\/types\/post"}],"author":[{"embeddable":true,"href":"https:\/\/enlamira.info\/index.php\/wp-json\/wp\/v2\/users\/2"}],"replies":[{"embeddable":true,"href":"https:\/\/enlamira.info\/index.php\/wp-json\/wp\/v2\/comments?post=1980"}],"version-history":[{"count":1,"href":"https:\/\/enlamira.info\/index.php\/wp-json\/wp\/v2\/posts\/1980\/revisions"}],"predecessor-version":[{"id":1981,"href":"https:\/\/enlamira.info\/index.php\/wp-json\/wp\/v2\/posts\/1980\/revisions\/1981"}],"wp:featuredmedia":[{"embeddable":true,"href":"https:\/\/enlamira.info\/index.php\/wp-json\/wp\/v2\/media\/1982"}],"wp:attachment":[{"href":"https:\/\/enlamira.info\/index.php\/wp-json\/wp\/v2\/media?parent=1980"}],"wp:term":[{"taxonomy":"category","embeddable":true,"href":"https:\/\/enlamira.info\/index.php\/wp-json\/wp\/v2\/categories?post=1980"},{"taxonomy":"post_tag","embeddable":true,"href":"https:\/\/enlamira.info\/index.php\/wp-json\/wp\/v2\/tags?post=1980"}],"curies":[{"name":"wp","href":"https:\/\/api.w.org\/{rel}","templated":true}]}}