{"id":1976,"date":"2024-03-26T11:19:56","date_gmt":"2024-03-26T14:19:56","guid":{"rendered":"https:\/\/enlamira.info\/?p=1976"},"modified":"2024-03-26T11:20:28","modified_gmt":"2024-03-26T14:20:28","slug":"lionel-scaloni-revelo-los-sorpresivos-cambios-que-puede-haber-en-la-seleccion-argentina","status":"publish","type":"post","link":"https:\/\/enlamira.info\/index.php\/2024\/03\/26\/lionel-scaloni-revelo-los-sorpresivos-cambios-que-puede-haber-en-la-seleccion-argentina\/","title":{"rendered":"Lionel Scaloni revel\u00f3 los sorpresivos cambios que puede haber en la Selecci\u00f3n Argentina"},"content":{"rendered":"\n<p>Habl\u00f3 en conferencia de prensa sobre las modificaciones que tendr\u00eda el once titular para enfrentar ma\u00f1ana a Costa Rica, y tambi\u00e9n se refiri\u00f3 a lo que ser\u00e1 la lista de convocados para la Copa Am\u00e9rica 2024<\/p>\n\n\n\n<p>En la jornada de ma\u00f1ana, desde las 23:50 horas, la\u00a0Selecci\u00f3n\u00a0Argentina\u00a0se ver\u00e1 las caras con\u00a0Costa\u00a0Rica\u00a0en el marco del segundo amistoso de la fecha FIFA de marzo, el cual ser\u00e1 el \u00faltimo duelo oficial antes del inicio de la\u00a0Copa\u00a0Am\u00e9rica\u00a02024\u00a0en junio.<\/p>\n\n\n\n<p>Este cruce tendr\u00e1 mucha importancia para que\u00a0Lionel\u00a0Scaloni\u00a0pueda terminar de observar a todos los convocados pensando en luego armar la lista para el certamen continental.<\/p>\n\n\n\n<p>En ese sentido,\u00a0el entrenador de la Albiceleste brind\u00f3 hace instantes una conferencia de prensa\u00a0en la que no se guard\u00f3 nada, y confes\u00f3 que puede haber grandes cambios para el partido de ma\u00f1ana.<\/p>\n\n\n\n<p>En primer lugar,\u00a0se refiri\u00f3 a la situaci\u00f3n de Alejandro Garnacho, y cont\u00f3 que\u00a0\u201cest\u00e1 la posibilidad de que juegue de arranque\u201d, algo que ilusiona bastante a los hinchas.<\/p>\n\n\n\n<p>Tambi\u00e9n, a pesar del deseo de\u00a0Emiliano\u00a0Mart\u00ednez\u00a0de estar en todos los partidos, revel\u00f3 que quiere darle lugar a\u00a0Walter\u00a0Ben\u00edtez\u00a0en el arco:\u00a0\u201cNo tengo decidido si va de entrada o entra despu\u00e9s, pero me gustar\u00eda darle minutos\u201d, solt\u00f3.<\/p>\n\n\n\n<p>Para cerrar,\u00a0no perdi\u00f3 la oportunidad de elogiar a Gustavo Alfaro, quien es el actual entrenador del combinado tico:\u00a0\u201cEn ecuador lo ha hecho muy bien, espero y deseo que le den tiempo a su proceso en Costa Rica y seguramente dar\u00e1 resultados\u201d, dijo sobre el ex DT de Boca.<\/p>\n\n\n\n<p>Tambi\u00e9n, explic\u00f3 que no hay nada definido para la lista de la Copa Am\u00e9rica:\u00a0\u201cEstamos abiertos a lo que sea. Si salen nuevos jugadores y tienen que subirse a la lista, lo haremos.\u00a0El cupo est\u00e1 pasado hoy, pero si alguno hace un buen final de temporada, estar\u00e1\u201d.<\/p>\n","protected":false},"excerpt":{"rendered":"<p>Habl\u00f3 en conferencia de prensa sobre las modificaciones que tendr\u00eda el once titular para enfrentar ma\u00f1ana a Costa Rica, y tambi\u00e9n se refiri\u00f3 a lo que ser\u00e1 la lista de convocados para la Copa Am\u00e9rica 2024 En la jornada de ma\u00f1ana, desde las 23:50 horas, la\u00a0Selecci\u00f3n\u00a0Argentina\u00a0se ver\u00e1 las caras con\u00a0Costa\u00a0Rica\u00a0en el marco del segundo amistoso [&hellip;]<\/p>\n","protected":false},"author":2,"featured_media":1978,"comment_status":"open","ping_status":"open","sticky":false,"template":"","format":"standard","meta":{"footnotes":""},"categories":[14],"tags":[],"_links":{"self":[{"href":"https:\/\/enlamira.info\/index.php\/wp-json\/wp\/v2\/posts\/1976"}],"collection":[{"href":"https:\/\/enlamira.info\/index.php\/wp-json\/wp\/v2\/posts"}],"about":[{"href":"https:\/\/enlamira.info\/index.php\/wp-json\/wp\/v2\/types\/post"}],"author":[{"embeddable":true,"href":"https:\/\/enlamira.info\/index.php\/wp-json\/wp\/v2\/users\/2"}],"replies":[{"embeddable":true,"href":"https:\/\/enlamira.info\/index.php\/wp-json\/wp\/v2\/comments?post=1976"}],"version-history":[{"count":2,"href":"https:\/\/enlamira.info\/index.php\/wp-json\/wp\/v2\/posts\/1976\/revisions"}],"predecessor-version":[{"id":1979,"href":"https:\/\/enlamira.info\/index.php\/wp-json\/wp\/v2\/posts\/1976\/revisions\/1979"}],"wp:featuredmedia":[{"embeddable":true,"href":"https:\/\/enlamira.info\/index.php\/wp-json\/wp\/v2\/media\/1978"}],"wp:attachment":[{"href":"https:\/\/enlamira.info\/index.php\/wp-json\/wp\/v2\/media?parent=1976"}],"wp:term":[{"taxonomy":"category","embeddable":true,"href":"https:\/\/enlamira.info\/index.php\/wp-json\/wp\/v2\/categories?post=1976"},{"taxonomy":"post_tag","embeddable":true,"href":"https:\/\/enlamira.info\/index.php\/wp-json\/wp\/v2\/tags?post=1976"}],"curies":[{"name":"wp","href":"https:\/\/api.w.org\/{rel}","templated":true}]}}