{"id":19599,"date":"2025-10-18T01:08:20","date_gmt":"2025-10-18T04:08:20","guid":{"rendered":"https:\/\/enlamira.info\/?p=19599"},"modified":"2025-10-18T01:08:20","modified_gmt":"2025-10-18T04:08:20","slug":"dia-de-la-lealtad-en-san-vicente-kicillof-llamo-a-la-unidad-y-apunto-contra-el-plan-economico-de-milei","status":"publish","type":"post","link":"https:\/\/enlamira.info\/index.php\/2025\/10\/18\/dia-de-la-lealtad-en-san-vicente-kicillof-llamo-a-la-unidad-y-apunto-contra-el-plan-economico-de-milei\/","title":{"rendered":"D\u00eda de la Lealtad en San Vicente: Kicillof llam\u00f3 a la unidad y apunt\u00f3 contra el plan econ\u00f3mico de Milei"},"content":{"rendered":"\n<p>El 80\u00b0 aniversario del 17 de octubre reuni\u00f3 a intendentes, sindicalistas, funcionarios provinciales y referentes del peronismo en San Vicente, donde Axel Kicillof encabez\u00f3 un acto que combin\u00f3 liturgia, repaso hist\u00f3rico y definiciones pol\u00edticas de corto y mediano plazo. En el escenario se alternaron Ver\u00f3nica Magario, Jorge Taiana y Juan Grabois, ante una militancia que cop\u00f3 el predio con banderas tradicionales y coron\u00f3 la jornada con la Marcha Peronista.<\/p>\n\n\n\n<p>Kicillof situ\u00f3 el presente econ\u00f3mico como eje de su discurso y volvi\u00f3 a cuestionar al Presidente. \u201cMilei va ya por el cuarto salvataje porque su pol\u00edtica econ\u00f3mica es un fracaso: nadie que va por el camino correcto necesita que los salven cuatro veces\u201d, dijo. Reivindic\u00f3 adem\u00e1s la identidad del espacio: \u201cEn nuestro pa\u00eds la dignidad se llama peronismo\u201d; y lig\u00f3 el objetivo inmediato con la hoja de ruta hacia la pr\u00f3xima presidencial: \u201cTenemos que dedicarnos a construir con unidad, con conciencia, con responsabilidad, aquello que en el a\u00f1o 27 va a devolver al peronismo a la Casa de Gobierno\u201d. En la arena judicial, calific\u00f3 como \u201cinjusta\u201d la condena a Cristina Fern\u00e1ndez de Kirchner.<\/p>\n\n\n\n<p>El llamado al voto fue expl\u00edcito: pidi\u00f3 \u201cmilitar y llenar las urnas de votos\u201d en las legislativas del 26 de octubre, definidas como primer pelda\u00f1o para \u201cconstruir una alternativa a la derecha y ultraderecha\u201d. En la misma l\u00ednea, Jorge Taiana sostuvo: \u201cEl 26 de octubre vamos a reafirmar el triunfo; es una parada clave para el rumbo que queremos\u201d.<\/p>\n\n\n\n<p>Por su parte, Ver\u00f3nica Magario subray\u00f3 su rol como vicepresidenta del PJ bonaerense en tiempos de recambio interno. \u201cNosotros no somos yanquis, somos peronistas y argentinos\u201d, afirm\u00f3, y agreg\u00f3: \u201cEs hora de dar vuelta la p\u00e1gina de la historia y empieza ac\u00e1, el lugar donde est\u00e1 Per\u00f3n y merece que en estos 80 a\u00f1os le pongamos respeto\u201d. La consigna musical \u201cEste pueblo no cambia de idea\u201d encendi\u00f3 a la militancia y marc\u00f3 uno de los picos emotivos de la tarde.<\/p>\n\n\n\n<p>La postal del poder territorial incluy\u00f3 a Carlos Bianco, Wado de Pedro, Juan Grabois y a los intendentes Julio Alak, Mario Secco, Gast\u00f3n Granados y Federico Oterm\u00edn, entre otros, adem\u00e1s de representaciones del Frente Renovador. Hubo organizaci\u00f3n milim\u00e9trica alrededor del escenario: livings, mesas y un sector de catering con wi-fi para dirigentes y asesores. Un cap\u00edtulo aparte se llev\u00f3 la avioneta publicitaria del intendente Fernando Gray, que por la ma\u00f1ana sobrevol\u00f3 el predio promocion\u00e1ndolo como \u201cla renovaci\u00f3n del peronismo\u201d.<\/p>\n","protected":false},"excerpt":{"rendered":"<p>El 80\u00b0 aniversario del 17 de octubre reuni\u00f3 a intendentes, sindicalistas, funcionarios provinciales y referentes del peronismo en San Vicente, donde Axel Kicillof encabez\u00f3 un acto que combin\u00f3 liturgia, repaso hist\u00f3rico y definiciones pol\u00edticas de corto y mediano plazo. En el escenario se alternaron Ver\u00f3nica Magario, Jorge Taiana y Juan Grabois, ante una militancia que [&hellip;]<\/p>\n","protected":false},"author":4,"featured_media":19601,"comment_status":"open","ping_status":"open","sticky":false,"template":"","format":"standard","meta":{"footnotes":""},"categories":[1,20],"tags":[28,1055],"_links":{"self":[{"href":"https:\/\/enlamira.info\/index.php\/wp-json\/wp\/v2\/posts\/19599"}],"collection":[{"href":"https:\/\/enlamira.info\/index.php\/wp-json\/wp\/v2\/posts"}],"about":[{"href":"https:\/\/enlamira.info\/index.php\/wp-json\/wp\/v2\/types\/post"}],"author":[{"embeddable":true,"href":"https:\/\/enlamira.info\/index.php\/wp-json\/wp\/v2\/users\/4"}],"replies":[{"embeddable":true,"href":"https:\/\/enlamira.info\/index.php\/wp-json\/wp\/v2\/comments?post=19599"}],"version-history":[{"count":1,"href":"https:\/\/enlamira.info\/index.php\/wp-json\/wp\/v2\/posts\/19599\/revisions"}],"predecessor-version":[{"id":19600,"href":"https:\/\/enlamira.info\/index.php\/wp-json\/wp\/v2\/posts\/19599\/revisions\/19600"}],"wp:featuredmedia":[{"embeddable":true,"href":"https:\/\/enlamira.info\/index.php\/wp-json\/wp\/v2\/media\/19601"}],"wp:attachment":[{"href":"https:\/\/enlamira.info\/index.php\/wp-json\/wp\/v2\/media?parent=19599"}],"wp:term":[{"taxonomy":"category","embeddable":true,"href":"https:\/\/enlamira.info\/index.php\/wp-json\/wp\/v2\/categories?post=19599"},{"taxonomy":"post_tag","embeddable":true,"href":"https:\/\/enlamira.info\/index.php\/wp-json\/wp\/v2\/tags?post=19599"}],"curies":[{"name":"wp","href":"https:\/\/api.w.org\/{rel}","templated":true}]}}