{"id":19590,"date":"2025-10-17T13:40:24","date_gmt":"2025-10-17T16:40:24","guid":{"rendered":"https:\/\/enlamira.info\/?p=19590"},"modified":"2025-10-17T13:40:24","modified_gmt":"2025-10-17T16:40:24","slug":"ataque-pirana-en-dock-sud-un-motociclista-fue-brutalmente-golpeado-por-un-grupo-de-delincuentes","status":"publish","type":"post","link":"https:\/\/enlamira.info\/index.php\/2025\/10\/17\/ataque-pirana-en-dock-sud-un-motociclista-fue-brutalmente-golpeado-por-un-grupo-de-delincuentes\/","title":{"rendered":"Ataque pira\u00f1a en Dock Sud: un motociclista fue brutalmente golpeado por un grupo de delincuentes"},"content":{"rendered":"\n<p>Esta ma\u00f1ana en <em>La Voz del Vecino<\/em>, conducido por Marcelo Brunwald, se difundi\u00f3 un video estremecedor que muestra un violento ataque en Dock Sud, Avellaneda.<\/p>\n\n\n\n<p>El hecho ocurri\u00f3 en horas de la noche, alrededor de las 21:30, en la intersecci\u00f3n de <strong>Manuel Ocantos y G\u00e9nova<\/strong>. All\u00ed, un grupo de <strong>nueve personas<\/strong> intercept\u00f3 a un motociclista que aparentemente regresaba de trabajar.<\/p>\n\n\n\n<p>En las im\u00e1genes se observa c\u00f3mo los agresores rodean al hombre, lo hacen caer de la moto y lo golpean salvajemente. Seg\u00fan el relato de los testigos, le sustrajeron pertenencias, el casco y hasta intentaron bajarle la ropa mientras segu\u00edan peg\u00e1ndole.<\/p>\n\n\n\n<p>Los vecinos de la zona, alarmados, hablan de un <strong>\u201cataque pira\u00f1a\u201d<\/strong>, una modalidad delictiva que preocupa cada vez m\u00e1s en distintos barrios de Avellaneda.<\/p>\n\n\n\n<p>El video fue enviado al programa por un oyente y gener\u00f3 fuerte repercusi\u00f3n entre los vecinos que reclaman m\u00e1s presencia policial y medidas urgentes de seguridad.<\/p>\n\n\n\n<p>Si ten\u00e9s informaci\u00f3n o registros de hechos similares, pod\u00e9s comunicarte con <em>La Voz del Vecino<\/em> al <strong>11-3802-179<\/strong>.<\/p>\n\n\n\n<figure class=\"wp-block-embed is-type-video is-provider-youtube wp-block-embed-youtube wp-embed-aspect-16-9 wp-has-aspect-ratio\"><div class=\"wp-block-embed__wrapper\">\n<iframe loading=\"lazy\" title=\"ATAQUE PIRA\u00d1A EN DOCK SUD\" width=\"640\" height=\"360\" src=\"https:\/\/www.youtube.com\/embed\/8dWMZDFKnYI?feature=oembed\" frameborder=\"0\" allow=\"accelerometer; autoplay; clipboard-write; encrypted-media; gyroscope; picture-in-picture; web-share\" referrerpolicy=\"strict-origin-when-cross-origin\" allowfullscreen><\/iframe>\n<\/div><\/figure>\n","protected":false},"excerpt":{"rendered":"<p>Esta ma\u00f1ana en La Voz del Vecino, conducido por Marcelo Brunwald, se difundi\u00f3 un video estremecedor que muestra un violento ataque en Dock Sud, Avellaneda. El hecho ocurri\u00f3 en horas de la noche, alrededor de las 21:30, en la intersecci\u00f3n de Manuel Ocantos y G\u00e9nova. All\u00ed, un grupo de nueve personas intercept\u00f3 a un motociclista [&hellip;]<\/p>\n","protected":false},"author":4,"featured_media":19597,"comment_status":"open","ping_status":"open","sticky":false,"template":"","format":"standard","meta":{"footnotes":""},"categories":[1,32],"tags":[],"_links":{"self":[{"href":"https:\/\/enlamira.info\/index.php\/wp-json\/wp\/v2\/posts\/19590"}],"collection":[{"href":"https:\/\/enlamira.info\/index.php\/wp-json\/wp\/v2\/posts"}],"about":[{"href":"https:\/\/enlamira.info\/index.php\/wp-json\/wp\/v2\/types\/post"}],"author":[{"embeddable":true,"href":"https:\/\/enlamira.info\/index.php\/wp-json\/wp\/v2\/users\/4"}],"replies":[{"embeddable":true,"href":"https:\/\/enlamira.info\/index.php\/wp-json\/wp\/v2\/comments?post=19590"}],"version-history":[{"count":1,"href":"https:\/\/enlamira.info\/index.php\/wp-json\/wp\/v2\/posts\/19590\/revisions"}],"predecessor-version":[{"id":19598,"href":"https:\/\/enlamira.info\/index.php\/wp-json\/wp\/v2\/posts\/19590\/revisions\/19598"}],"wp:featuredmedia":[{"embeddable":true,"href":"https:\/\/enlamira.info\/index.php\/wp-json\/wp\/v2\/media\/19597"}],"wp:attachment":[{"href":"https:\/\/enlamira.info\/index.php\/wp-json\/wp\/v2\/media?parent=19590"}],"wp:term":[{"taxonomy":"category","embeddable":true,"href":"https:\/\/enlamira.info\/index.php\/wp-json\/wp\/v2\/categories?post=19590"},{"taxonomy":"post_tag","embeddable":true,"href":"https:\/\/enlamira.info\/index.php\/wp-json\/wp\/v2\/tags?post=19590"}],"curies":[{"name":"wp","href":"https:\/\/api.w.org\/{rel}","templated":true}]}}