{"id":19587,"date":"2025-10-17T08:52:30","date_gmt":"2025-10-17T11:52:30","guid":{"rendered":"https:\/\/enlamira.info\/?p=19587"},"modified":"2025-10-17T08:52:30","modified_gmt":"2025-10-17T11:52:30","slug":"indignacion-en-lomas-lo-acusan-de-abusar-de-su-hija-y-suspendieron-el-juicio","status":"publish","type":"post","link":"https:\/\/enlamira.info\/index.php\/2025\/10\/17\/indignacion-en-lomas-lo-acusan-de-abusar-de-su-hija-y-suspendieron-el-juicio\/","title":{"rendered":"Indignaci\u00f3n en Lomas: lo acusan de abusar de su hija y suspendieron el juicio"},"content":{"rendered":"\n<p>Suspendieron el juicio contra un hombre acusado de abusar sexualmente de su hija menor de edad. La decisi\u00f3n provoc\u00f3 una profunda indignaci\u00f3n en Lomas de Zamora. Aseguran que se est\u00e1 revictimizando a la denunciante.<\/p>\n\n\n\n<p>El proceso iba a realizarse mediante un juicio por jurados, fijado para los d\u00edas 27, 28 y 29 de octubre. Sin embargo, de manera inesperada, el Tribunal Oral en lo Criminal N\u00b08 de Lomas decidi\u00f3 postergar el comienzo del debate. El Tribunal inform\u00f3 que necesita tiempo para analizar unos audios presentados en la \u00faltima audiencia y someterlos a contradicci\u00f3n.<\/p>\n\n\n\n<p>La v\u00edctima, de 13 a\u00f1os e identificada como \u201cOsita\u201d, denunci\u00f3 haber sido abusada desde los 4. La familia de la menor asegura que estuvo sometida a un proceso desgastante, que ya lleva siete a\u00f1os de espera, y que esta dilaci\u00f3n no hace m\u00e1s que revictimizar a la nena.<\/p>\n\n\n\n<p>En su presentaci\u00f3n judicial, la madre de \u201cOsita\u201d se opuso a la suspensi\u00f3n argumentando que los audios \u201cson totalmente ilegales e inadmisibles como medida probatoria\u201d por ser violatorios de los derechos a la intimidad y dignidad. En consecuencia, la abogada querellante solicit\u00f3 mantener las fechas, se\u00f1alando que \u201ctoda decisi\u00f3n en contrario, no hace m\u00e1s que generar demoras irracionales en la administraci\u00f3n de justicia\u201d.<\/p>\n\n\n\n<p>Como si fuera poco, la suspensi\u00f3n del juicio implica posponerlo hasta 2026. Ante ese escenario, la querella pidi\u00f3 que se detenga inmediatamente al acusado, quien est\u00e1 en libertad. Argumentan que hay un \u201cclaro riesgo de fuga y contempla riesgos inminentes de entorpecimiento de la investigaci\u00f3n\u201d, dado que el imputado conoce a los testigos.<\/p>\n\n\n\n<p>Esta ma\u00f1ana hubo una marcha en los Tribunales de Lomas de Zamora encabezada por la familia de \u201cOsita\u201d y el grupo de apoyo, exigiendo la restituci\u00f3n de las fechas de juicio y la condena del hombre denunciado por abuso sexual.<\/p>\n\n\n\n<p>\u201cLa causa cuenta con pruebas irrefutables que confirman el Abuso Sexual en la Infancia, destac\u00e1ndose que la C\u00e1mara Gesell se realiz\u00f3 y arroj\u00f3 resultados contundentes que respaldan plenamente las acusaciones. La defensa ya tuvo tiempo suficiente para la prueba, y la suspensi\u00f3n solo prolonga la impunidad\u201d, se\u00f1alaron en un comunicado oficial. <\/p>\n","protected":false},"excerpt":{"rendered":"<p>Suspendieron el juicio contra un hombre acusado de abusar sexualmente de su hija menor de edad. La decisi\u00f3n provoc\u00f3 una profunda indignaci\u00f3n en Lomas de Zamora. Aseguran que se est\u00e1 revictimizando a la denunciante. El proceso iba a realizarse mediante un juicio por jurados, fijado para los d\u00edas 27, 28 y 29 de octubre. Sin [&hellip;]<\/p>\n","protected":false},"author":4,"featured_media":19586,"comment_status":"open","ping_status":"open","sticky":false,"template":"","format":"standard","meta":{"footnotes":""},"categories":[1,126],"tags":[28,1892],"_links":{"self":[{"href":"https:\/\/enlamira.info\/index.php\/wp-json\/wp\/v2\/posts\/19587"}],"collection":[{"href":"https:\/\/enlamira.info\/index.php\/wp-json\/wp\/v2\/posts"}],"about":[{"href":"https:\/\/enlamira.info\/index.php\/wp-json\/wp\/v2\/types\/post"}],"author":[{"embeddable":true,"href":"https:\/\/enlamira.info\/index.php\/wp-json\/wp\/v2\/users\/4"}],"replies":[{"embeddable":true,"href":"https:\/\/enlamira.info\/index.php\/wp-json\/wp\/v2\/comments?post=19587"}],"version-history":[{"count":1,"href":"https:\/\/enlamira.info\/index.php\/wp-json\/wp\/v2\/posts\/19587\/revisions"}],"predecessor-version":[{"id":19588,"href":"https:\/\/enlamira.info\/index.php\/wp-json\/wp\/v2\/posts\/19587\/revisions\/19588"}],"wp:featuredmedia":[{"embeddable":true,"href":"https:\/\/enlamira.info\/index.php\/wp-json\/wp\/v2\/media\/19586"}],"wp:attachment":[{"href":"https:\/\/enlamira.info\/index.php\/wp-json\/wp\/v2\/media?parent=19587"}],"wp:term":[{"taxonomy":"category","embeddable":true,"href":"https:\/\/enlamira.info\/index.php\/wp-json\/wp\/v2\/categories?post=19587"},{"taxonomy":"post_tag","embeddable":true,"href":"https:\/\/enlamira.info\/index.php\/wp-json\/wp\/v2\/tags?post=19587"}],"curies":[{"name":"wp","href":"https:\/\/api.w.org\/{rel}","templated":true}]}}