{"id":19583,"date":"2025-10-17T08:51:45","date_gmt":"2025-10-17T11:51:45","guid":{"rendered":"https:\/\/enlamira.info\/?p=19583"},"modified":"2025-10-17T08:51:45","modified_gmt":"2025-10-17T11:51:45","slug":"triple-femicidio-agravan-las-imputaciones-y-la-causa-pasa-la-justicia-federal","status":"publish","type":"post","link":"https:\/\/enlamira.info\/index.php\/2025\/10\/17\/triple-femicidio-agravan-las-imputaciones-y-la-causa-pasa-la-justicia-federal\/","title":{"rendered":"Triple femicidio: Agravan las imputaciones y la causa pasa la Justicia Federal"},"content":{"rendered":"\n<p>La Justicia de San Justo calific\u00f3 el caso del triple crimen de Florencio Varela como un homicidio vinculado al narcotr\u00e1fico y convoc\u00f3 a una audiencia clave para este viernes 17 de octubre a las 6 de la ma\u00f1ana, donde indagar\u00e1 nuevamente a los imputados.<\/p>\n\n\n\n<p>En la resoluci\u00f3n, a la que accedi\u00f3 TN, se detalla que las v\u00edctimas fueron secuestradas y asesinadas como parte de un plan de venganza por el robo de varios kilos de droga.De acuerdo con el expediente, el hecho se remonta al 6 de septiembre, cuando un grupo de personas organizadas rob\u00f3 un cargamento de estupefacientes destinado a la venta al menudeo.<\/p>\n\n\n\n<p>Ese robo, seg\u00fan la investigaci\u00f3n, desat\u00f3 una represalia violenta encabezada por una organizaci\u00f3n narco que integraban Miguel \u00c1ngel Villanueva Silva, Tony \u201cPeque\u00f1o J\u201d Valverde, L\u00e1zaro \u201cEl duro\u201d Sotacuro, Celeste Gonz\u00e1lez Guerrero, Milagros Iba\u00f1ez, Mat\u00edas Ozorio y otros detenidos.<\/p>\n\n\n\n<p>En el plan criminal, las v\u00edctimas fueron enga\u00f1adas con la promesa de asistir a una fiesta y trasladadas en una camioneta Chevrolet Trucker blanca hasta la casa de calle Cha\u00f1ar 702, en Villa Vatteone. All\u00ed las retuvieron por la fuerza, las maniataron y las torturaron hasta matarlas. Los cuerpos fueron enterrados en un pozo que hab\u00eda sido cavado con anticipaci\u00f3n.<\/p>\n\n\n\n<p>El primer hecho mencionado en el escrito del Ministerio P\u00fablico Fiscal se centra en la \u201csustracci\u00f3n de drogas y el enga\u00f1o a las v\u00edctimas\u201d, que fueron llevadas bajo la promesa de una supuesta fiesta. La calificaci\u00f3n legal es privaci\u00f3n ilegal de la libertad coactiva agravada y homicidio agravado, incluyendo agravantes por premeditaci\u00f3n, alevos\u00eda, ensa\u00f1amiento, violencia de g\u00e9nero y criminis causa.<\/p>\n\n\n\n<p>Dentro de este hecho, los imputados se dividieron en dos grupos. El Grupo I est\u00e1 compuesto por cinco hombres: Miguel \u00c1ngel Villanueva Silva, Mat\u00edas Agust\u00edn Ozorio, Ariel Jerem\u00edas Alexis Gim\u00e9nez, L\u00e1zaro V\u00edctor Sotacuro (\u201cEl Duro\u201d) y Maximiliano Andr\u00e9s Parra (\u201cMaxi\u201d); todos est\u00e1n se\u00f1alados como coautores.<\/p>\n\n\n\n<p>El Grupo II, imputado por el mismo delito con la omisi\u00f3n de la agravante de violencia de g\u00e9nero, incluye a Celeste Magal\u00ed Gonz\u00e1lez Guerrero, Milagros Florencia Iba\u00f1ez e Iara Daniela Ibarra.<\/p>\n\n\n\n<p>El segundo hecho, describe acciones posteriores al triple crimen, como \u201climpieza parcial de la escena y alteraci\u00f3n de rastros\u201d. Tanto Maximiliano Andr\u00e9s Parra como Iara Daniela Ibarra, fueron imputados tambi\u00e9n por el delito de encubrimiento agravado, ya que ellos estuvieron limpiando la casa de Villa Vatteone donde ocurri\u00f3 la masacre.<\/p>\n","protected":false},"excerpt":{"rendered":"<p>La Justicia de San Justo calific\u00f3 el caso del triple crimen de Florencio Varela como un homicidio vinculado al narcotr\u00e1fico y convoc\u00f3 a una audiencia clave para este viernes 17 de octubre a las 6 de la ma\u00f1ana, donde indagar\u00e1 nuevamente a los imputados. En la resoluci\u00f3n, a la que accedi\u00f3 TN, se detalla que [&hellip;]<\/p>\n","protected":false},"author":4,"featured_media":19585,"comment_status":"open","ping_status":"open","sticky":false,"template":"","format":"standard","meta":{"footnotes":""},"categories":[1],"tags":[28],"_links":{"self":[{"href":"https:\/\/enlamira.info\/index.php\/wp-json\/wp\/v2\/posts\/19583"}],"collection":[{"href":"https:\/\/enlamira.info\/index.php\/wp-json\/wp\/v2\/posts"}],"about":[{"href":"https:\/\/enlamira.info\/index.php\/wp-json\/wp\/v2\/types\/post"}],"author":[{"embeddable":true,"href":"https:\/\/enlamira.info\/index.php\/wp-json\/wp\/v2\/users\/4"}],"replies":[{"embeddable":true,"href":"https:\/\/enlamira.info\/index.php\/wp-json\/wp\/v2\/comments?post=19583"}],"version-history":[{"count":1,"href":"https:\/\/enlamira.info\/index.php\/wp-json\/wp\/v2\/posts\/19583\/revisions"}],"predecessor-version":[{"id":19584,"href":"https:\/\/enlamira.info\/index.php\/wp-json\/wp\/v2\/posts\/19583\/revisions\/19584"}],"wp:featuredmedia":[{"embeddable":true,"href":"https:\/\/enlamira.info\/index.php\/wp-json\/wp\/v2\/media\/19585"}],"wp:attachment":[{"href":"https:\/\/enlamira.info\/index.php\/wp-json\/wp\/v2\/media?parent=19583"}],"wp:term":[{"taxonomy":"category","embeddable":true,"href":"https:\/\/enlamira.info\/index.php\/wp-json\/wp\/v2\/categories?post=19583"},{"taxonomy":"post_tag","embeddable":true,"href":"https:\/\/enlamira.info\/index.php\/wp-json\/wp\/v2\/tags?post=19583"}],"curies":[{"name":"wp","href":"https:\/\/api.w.org\/{rel}","templated":true}]}}