{"id":19571,"date":"2025-10-16T15:49:12","date_gmt":"2025-10-16T18:49:12","guid":{"rendered":"https:\/\/enlamira.info\/?p=19571"},"modified":"2025-10-16T15:49:12","modified_gmt":"2025-10-16T18:49:12","slug":"vecino-de-wilde-reclama-medicacion-vital-frenada-por-burocracia","status":"publish","type":"post","link":"https:\/\/enlamira.info\/index.php\/2025\/10\/16\/vecino-de-wilde-reclama-medicacion-vital-frenada-por-burocracia\/","title":{"rendered":"Vecino de Wilde reclama medicaci\u00f3n vital frenada por burocracia"},"content":{"rendered":"\n<p>En \u201cLa Voz del Vecino\u201d conocimos el caso de <strong>Freil\u00e1n<\/strong>, vecino de Wilde que padece <strong>artritis psori\u00e1sica severa<\/strong> y que desde hace meses no recibe la medicaci\u00f3n biol\u00f3gica que necesita para mantener una m\u00ednima calidad de vida.<\/p>\n\n\n\n<p>Freil\u00e1n tiene 42 a\u00f1os y convive con la enfermedad desde su adolescencia. En 2022 su cuadro se agrav\u00f3 al punto de requerir tres internaciones prolongadas en el Hospital de Cl\u00ednicas. Fue entonces cuando los m\u00e9dicos determinaron que deb\u00eda recibir un tratamiento biol\u00f3gico con <strong>Guselkumab (100 mg)<\/strong>, un autoinyectable de alto costo.<\/p>\n\n\n\n<p>Tras un largo tr\u00e1mite, en enero de 2023 el Ministerio de Desarrollo Social de la Naci\u00f3n aprob\u00f3 su medicaci\u00f3n a trav\u00e9s del programa <strong>Incluir Salud<\/strong>, y el tratamiento comenz\u00f3 a dar resultados positivos: \u201cFue una medicaci\u00f3n milagrosa\u201d, cont\u00f3 Freil\u00e1n, quien pas\u00f3 de estar al borde de la muerte a recuperar su vida cotidiana.<\/p>\n\n\n\n<p>Sin embargo, en marzo de este a\u00f1o present\u00f3 la documentaci\u00f3n para renovar el tratamiento y todo qued\u00f3 frenado. \u201cNo me lo negaron, pero est\u00e1 trabado. Dicen que por cuestiones burocr\u00e1ticas entre Incluir Salud y el ANDI. Desde febrero no recibo la medicaci\u00f3n\u201d, explic\u00f3.<\/p>\n\n\n\n<p>La droga, que debe aplicarse cada ocho semanas, no se consigue de manera particular por su alto costo. Mientras tanto, su salud se deteriora nuevamente.<\/p>\n\n\n\n<p>Desde el programa <strong>apelamos a las autoridades del Ministerio de Salud y de Desarrollo Social<\/strong> a intervenir con urgencia para destrabar el expediente. No se trata de un favor, sino del cumplimiento de un derecho b\u00e1sico: el acceso a la salud.<\/p>\n\n\n\n<p>Porque detr\u00e1s de los papeles y las demoras hay una persona real, un vecino que s\u00f3lo pide continuar con el tratamiento que ya fue aprobado.<\/p>\n\n\n\n<p><strong>La Voz del Vecino<\/strong> \u2014 Conducci\u00f3n: Marcelo Brunwald.<\/p>\n\n\n\n<figure class=\"wp-block-embed is-type-video is-provider-youtube wp-block-embed-youtube wp-embed-aspect-16-9 wp-has-aspect-ratio\"><div class=\"wp-block-embed__wrapper\">\n<iframe loading=\"lazy\" title=\"LA VOZ DEL VECINO: RECLAMA SUS MEDICAMENTOS Y LUCHA CONTRA LA BUROCRACIA\" width=\"640\" height=\"360\" src=\"https:\/\/www.youtube.com\/embed\/JEbWNtRwzZ4?feature=oembed\" frameborder=\"0\" allow=\"accelerometer; autoplay; clipboard-write; encrypted-media; gyroscope; picture-in-picture; web-share\" referrerpolicy=\"strict-origin-when-cross-origin\" allowfullscreen><\/iframe>\n<\/div><\/figure>\n","protected":false},"excerpt":{"rendered":"<p>En \u201cLa Voz del Vecino\u201d conocimos el caso de Freil\u00e1n, vecino de Wilde que padece artritis psori\u00e1sica severa y que desde hace meses no recibe la medicaci\u00f3n biol\u00f3gica que necesita para mantener una m\u00ednima calidad de vida. Freil\u00e1n tiene 42 a\u00f1os y convive con la enfermedad desde su adolescencia. En 2022 su cuadro se agrav\u00f3 [&hellip;]<\/p>\n","protected":false},"author":4,"featured_media":19581,"comment_status":"open","ping_status":"open","sticky":false,"template":"","format":"standard","meta":{"footnotes":""},"categories":[1,4,23],"tags":[],"_links":{"self":[{"href":"https:\/\/enlamira.info\/index.php\/wp-json\/wp\/v2\/posts\/19571"}],"collection":[{"href":"https:\/\/enlamira.info\/index.php\/wp-json\/wp\/v2\/posts"}],"about":[{"href":"https:\/\/enlamira.info\/index.php\/wp-json\/wp\/v2\/types\/post"}],"author":[{"embeddable":true,"href":"https:\/\/enlamira.info\/index.php\/wp-json\/wp\/v2\/users\/4"}],"replies":[{"embeddable":true,"href":"https:\/\/enlamira.info\/index.php\/wp-json\/wp\/v2\/comments?post=19571"}],"version-history":[{"count":1,"href":"https:\/\/enlamira.info\/index.php\/wp-json\/wp\/v2\/posts\/19571\/revisions"}],"predecessor-version":[{"id":19582,"href":"https:\/\/enlamira.info\/index.php\/wp-json\/wp\/v2\/posts\/19571\/revisions\/19582"}],"wp:featuredmedia":[{"embeddable":true,"href":"https:\/\/enlamira.info\/index.php\/wp-json\/wp\/v2\/media\/19581"}],"wp:attachment":[{"href":"https:\/\/enlamira.info\/index.php\/wp-json\/wp\/v2\/media?parent=19571"}],"wp:term":[{"taxonomy":"category","embeddable":true,"href":"https:\/\/enlamira.info\/index.php\/wp-json\/wp\/v2\/categories?post=19571"},{"taxonomy":"post_tag","embeddable":true,"href":"https:\/\/enlamira.info\/index.php\/wp-json\/wp\/v2\/tags?post=19571"}],"curies":[{"name":"wp","href":"https:\/\/api.w.org\/{rel}","templated":true}]}}