{"id":19569,"date":"2025-10-16T13:07:24","date_gmt":"2025-10-16T16:07:24","guid":{"rendered":"https:\/\/enlamira.info\/?p=19569"},"modified":"2025-10-16T13:07:24","modified_gmt":"2025-10-16T16:07:24","slug":"vecinos-solidarios-piden-ayuda-para-una-joven-de-dominico-internada-tras-un-grave-accidente-en-moto","status":"publish","type":"post","link":"https:\/\/enlamira.info\/index.php\/2025\/10\/16\/vecinos-solidarios-piden-ayuda-para-una-joven-de-dominico-internada-tras-un-grave-accidente-en-moto\/","title":{"rendered":"Vecinos solidarios: piden ayuda para una joven de Dom\u00ednico internada tras un grave accidente en moto"},"content":{"rendered":"\n<p>En <em>La Voz del Vecino<\/em>, Marcelo Brunwald habl\u00f3 con <strong>Celeste<\/strong>, amiga de <strong>Luc\u00eda Milagros Soto<\/strong>, una joven de <strong>Villa Dom\u00ednico<\/strong> que sufri\u00f3 un <strong>terrible accidente en moto<\/strong> cuando iba camino al trabajo junto a su pareja, el fin de semana pasado.<\/p>\n\n\n\n<p>Seg\u00fan cont\u00f3 Celeste, \u201ciban los dos en la moto, la moto es nueva, se les fue el freno y chocaron contra un auto estacionado\u201d. El impacto fue tan fuerte que <strong>Luc\u00eda sali\u00f3 despedida varios metros<\/strong>, sufri\u00f3 una <strong>fractura grave en el tobillo<\/strong> y una lesi\u00f3n en la pelvis. Ambos llevaban casco, lo que evit\u00f3 una tragedia mayor.<\/p>\n\n\n\n<p>Al principio fueron atendidos en el hospital de Lomas de Zamora, donde \u2014seg\u00fan denunciaron\u2014 \u201clos trataron muy mal\u201d. Finalmente, fueron derivados al <strong>Hospital de Wilde<\/strong>, donde Luc\u00eda qued\u00f3 internada y fue asistida con rapidez y profesionalismo.<\/p>\n\n\n\n<p>Hoy, <strong>necesita una pr\u00f3tesis que cuesta 1.200.000 pesos<\/strong> para poder ser operada. Luc\u00eda no tiene obra social ni cobertura m\u00e9dica, ya que es <strong>trabajadora independiente y emprendedora<\/strong>, con un peque\u00f1o local de est\u00e9tica en la casa de su mam\u00e1.<\/p>\n\n\n\n<p>Celeste y su familia est\u00e1n realizando <strong>rifas solidarias<\/strong> para juntar el dinero. \u201cEstamos rifando un asado, perfumes, u\u00f1as, lo que sea, porque tenemos una semana para conseguir la plata\u201d, cont\u00f3 entre la angustia y la esperanza.<\/p>\n\n\n\n<p>Desde el programa, Brunwald se comprometi\u00f3 a <strong>gestionar ayuda desde la Secretar\u00eda de Salud de Avellaneda<\/strong>, y pidi\u00f3 la colaboraci\u00f3n de los vecinos:<\/p>\n\n\n\n<p><strong>Alias para colaborar:<\/strong> lucia.soto0<br><strong>Nombre:<\/strong> Luc\u00eda Milagros Soto<\/p>\n\n\n\n<blockquote class=\"wp-block-quote\">\n<p>\u201cPara vos y para m\u00ed es much\u00edsima plata. Para la municipalidad, tal vez no tanto. Pero para Luc\u00eda puede ser la diferencia entre caminar o no\u201d, expres\u00f3 Brunwald.<\/p>\n<\/blockquote>\n\n\n\n<p>#Avellaneda #VillaDom\u00ednico #Solidaridad #Accidente #Luc\u00edaSoto #HospitalDeWilde #LaVozDelVecino<\/p>\n\n\n\n<figure class=\"wp-block-embed is-type-video is-provider-youtube wp-block-embed-youtube wp-embed-aspect-16-9 wp-has-aspect-ratio\"><div class=\"wp-block-embed__wrapper\">\n<iframe loading=\"lazy\" title=\"Wilde: tras accidente, una joven necesita protesis y pide ayuda a vecinos\" width=\"640\" height=\"360\" src=\"https:\/\/www.youtube.com\/embed\/U4plrxc52OM?feature=oembed\" frameborder=\"0\" allow=\"accelerometer; autoplay; clipboard-write; encrypted-media; gyroscope; picture-in-picture; web-share\" referrerpolicy=\"strict-origin-when-cross-origin\" allowfullscreen><\/iframe>\n<\/div><\/figure>\n","protected":false},"excerpt":{"rendered":"<p>En La Voz del Vecino, Marcelo Brunwald habl\u00f3 con Celeste, amiga de Luc\u00eda Milagros Soto, una joven de Villa Dom\u00ednico que sufri\u00f3 un terrible accidente en moto cuando iba camino al trabajo junto a su pareja, el fin de semana pasado. Seg\u00fan cont\u00f3 Celeste, \u201ciban los dos en la moto, la moto es nueva, se [&hellip;]<\/p>\n","protected":false},"author":4,"featured_media":19577,"comment_status":"open","ping_status":"open","sticky":false,"template":"","format":"standard","meta":{"footnotes":""},"categories":[1,23,34],"tags":[],"_links":{"self":[{"href":"https:\/\/enlamira.info\/index.php\/wp-json\/wp\/v2\/posts\/19569"}],"collection":[{"href":"https:\/\/enlamira.info\/index.php\/wp-json\/wp\/v2\/posts"}],"about":[{"href":"https:\/\/enlamira.info\/index.php\/wp-json\/wp\/v2\/types\/post"}],"author":[{"embeddable":true,"href":"https:\/\/enlamira.info\/index.php\/wp-json\/wp\/v2\/users\/4"}],"replies":[{"embeddable":true,"href":"https:\/\/enlamira.info\/index.php\/wp-json\/wp\/v2\/comments?post=19569"}],"version-history":[{"count":1,"href":"https:\/\/enlamira.info\/index.php\/wp-json\/wp\/v2\/posts\/19569\/revisions"}],"predecessor-version":[{"id":19578,"href":"https:\/\/enlamira.info\/index.php\/wp-json\/wp\/v2\/posts\/19569\/revisions\/19578"}],"wp:featuredmedia":[{"embeddable":true,"href":"https:\/\/enlamira.info\/index.php\/wp-json\/wp\/v2\/media\/19577"}],"wp:attachment":[{"href":"https:\/\/enlamira.info\/index.php\/wp-json\/wp\/v2\/media?parent=19569"}],"wp:term":[{"taxonomy":"category","embeddable":true,"href":"https:\/\/enlamira.info\/index.php\/wp-json\/wp\/v2\/categories?post=19569"},{"taxonomy":"post_tag","embeddable":true,"href":"https:\/\/enlamira.info\/index.php\/wp-json\/wp\/v2\/tags?post=19569"}],"curies":[{"name":"wp","href":"https:\/\/api.w.org\/{rel}","templated":true}]}}