{"id":19564,"date":"2025-10-16T07:24:13","date_gmt":"2025-10-16T10:24:13","guid":{"rendered":"https:\/\/enlamira.info\/?p=19564"},"modified":"2025-10-16T07:24:13","modified_gmt":"2025-10-16T10:24:13","slug":"lanus-celebro-el-dia-de-las-y-los-pediatras-con-un-encuentro-con-especialistas-del-distrito","status":"publish","type":"post","link":"https:\/\/enlamira.info\/index.php\/2025\/10\/16\/lanus-celebro-el-dia-de-las-y-los-pediatras-con-un-encuentro-con-especialistas-del-distrito\/","title":{"rendered":"Lan\u00fas celebr\u00f3 el D\u00eda de las y los Pediatras con un encuentro con especialistas del distrito"},"content":{"rendered":"\n<p>En el marco del D\u00eda de las y los Pediatras, el intendente de Lan\u00fas, Juli\u00e1n \u00c1lvarez, mantuvo un encuentro con las y los profesionales que integran la red de pediatras en las unidades sanitarias del distrito, en el Centro de Medicina Preventiva \u201cFloreal Ferrara\u201d, ubicado en la calle Sitio de Montevideo 1862.<\/p>\n\n\n\n<p>\u201cCon este encuentro reconocemos y valoramos la tarea cotidiana que desarrollan en la atenci\u00f3n de la ni\u00f1ez y la adolescencia nuestros pediatras. Adem\u00e1s, se gener\u00f3 un espacio de construcci\u00f3n de conocimientos colectivos. Seguimos trabajando para fortalecer nuestro sistema de salud infantil\u201d, expuso Juli\u00e1n \u00c1lvarez.<\/p>\n\n\n\n<p>En el intercambio de ideas que se dio, se fortalecieron las redes de trabajo y abordaron de manera integral los nuevos desaf\u00edos que presenta la pediatr\u00eda en el contexto actual.<\/p>\n\n\n\n<p>Las y los pediatras compartieron experiencias, reflexiones y propuestas vinculadas a la pr\u00e1ctica diaria en los centros de salud. Asimismo, el Dr. Jos\u00e9 Kremenchusky brind\u00f3 una charla sobre las traves\u00edas del desarrollo infantil: subjetividad, v\u00ednculo temprano y cambios neurobiol\u00f3gicos secundarios a est\u00edmulos.<\/p>\n\n\n\n<p>En lo que respecta a la pediatr\u00eda en Lan\u00fas, el Municipio registra un total de 55 profesionales: 30 en el programa de demanda espont\u00e1nea y 25 en consultorios de atenci\u00f3n ambulatoria.<\/p>\n\n\n\n<p>Desde el lanzamiento del Programa de Pediatr\u00eda, en Lan\u00fas se logr\u00f3 alcanzar la atenci\u00f3n a ni\u00f1os, ni\u00f1as y adolescentes de lunes a viernes de 8 a 20 horas en ocho unidades sanitarias.<\/p>\n\n\n\n<p>No obstante, se registran m\u00e1s de 25.000 atenciones en lo que va del a\u00f1o 2025, se realizaron m\u00e1s de 70 jornadas de ni\u00f1eces en los centros de salud con peso y talla, vacunaci\u00f3n y control integral de salud, se fortaleci\u00f3 el sistema y se arm\u00f3 junto con los hospitales una red de atenci\u00f3n.<\/p>\n\n\n\n<p>El 30% de los ni\u00f1os y ni\u00f1as atendidas durante los meses de invierno en los centros de salud de Lan\u00fas presentaron sintomatolog\u00eda respiratoria, y en 33 casos se requiri\u00f3 derivaci\u00f3n a trav\u00e9s del SEL a hospitales del territorio (70% al Hospital Evita y 30% al Hospital Narciso L\u00f3pez).<\/p>\n\n\n\n<p>Seg\u00fan los registros de altas de internaciones, en el a\u00f1o hubo 274 ni\u00f1os y ni\u00f1as de Lan\u00fas internados por patolog\u00edas respiratorias durante esos meses en los diferentes hospitales provinciales.<\/p>\n\n\n\n<p>Acompa\u00f1\u00f3 al intendente de Lan\u00fas, Juli\u00e1n \u00c1lvarez, la secretaria de Salud, Cecilia Ciochi.<\/p>\n","protected":false},"excerpt":{"rendered":"<p>En el marco del D\u00eda de las y los Pediatras, el intendente de Lan\u00fas, Juli\u00e1n \u00c1lvarez, mantuvo un encuentro con las y los profesionales que integran la red de pediatras en las unidades sanitarias del distrito, en el Centro de Medicina Preventiva \u201cFloreal Ferrara\u201d, ubicado en la calle Sitio de Montevideo 1862. \u201cCon este encuentro [&hellip;]<\/p>\n","protected":false},"author":4,"featured_media":19561,"comment_status":"open","ping_status":"open","sticky":false,"template":"","format":"standard","meta":{"footnotes":""},"categories":[1],"tags":[28,409],"_links":{"self":[{"href":"https:\/\/enlamira.info\/index.php\/wp-json\/wp\/v2\/posts\/19564"}],"collection":[{"href":"https:\/\/enlamira.info\/index.php\/wp-json\/wp\/v2\/posts"}],"about":[{"href":"https:\/\/enlamira.info\/index.php\/wp-json\/wp\/v2\/types\/post"}],"author":[{"embeddable":true,"href":"https:\/\/enlamira.info\/index.php\/wp-json\/wp\/v2\/users\/4"}],"replies":[{"embeddable":true,"href":"https:\/\/enlamira.info\/index.php\/wp-json\/wp\/v2\/comments?post=19564"}],"version-history":[{"count":1,"href":"https:\/\/enlamira.info\/index.php\/wp-json\/wp\/v2\/posts\/19564\/revisions"}],"predecessor-version":[{"id":19565,"href":"https:\/\/enlamira.info\/index.php\/wp-json\/wp\/v2\/posts\/19564\/revisions\/19565"}],"wp:featuredmedia":[{"embeddable":true,"href":"https:\/\/enlamira.info\/index.php\/wp-json\/wp\/v2\/media\/19561"}],"wp:attachment":[{"href":"https:\/\/enlamira.info\/index.php\/wp-json\/wp\/v2\/media?parent=19564"}],"wp:term":[{"taxonomy":"category","embeddable":true,"href":"https:\/\/enlamira.info\/index.php\/wp-json\/wp\/v2\/categories?post=19564"},{"taxonomy":"post_tag","embeddable":true,"href":"https:\/\/enlamira.info\/index.php\/wp-json\/wp\/v2\/tags?post=19564"}],"curies":[{"name":"wp","href":"https:\/\/api.w.org\/{rel}","templated":true}]}}