{"id":19545,"date":"2025-10-15T21:57:00","date_gmt":"2025-10-16T00:57:00","guid":{"rendered":"https:\/\/enlamira.info\/?p=19545"},"modified":"2025-10-15T21:57:00","modified_gmt":"2025-10-16T00:57:00","slug":"cayo-en-capital-el-sospechoso-de-un-brutal-homicidio-en-gerli","status":"publish","type":"post","link":"https:\/\/enlamira.info\/index.php\/2025\/10\/15\/cayo-en-capital-el-sospechoso-de-un-brutal-homicidio-en-gerli\/","title":{"rendered":"Cay\u00f3 en Capital el sospechoso de un brutal homicidio en Gerli"},"content":{"rendered":"\n<p>La Polic\u00eda de la Comisar\u00eda 6\u00aa de Avellaneda (Gerli) logr\u00f3 detener a <strong>Sebasti\u00e1n Omar Balenzuela<\/strong>, de 26 a\u00f1os, acusado de <strong>homicidio agravado por el concurso premeditado de dos o m\u00e1s personas y agravado por la participaci\u00f3n de un menor<\/strong>.<\/p>\n\n\n\n<p>El hecho ocurri\u00f3 el <strong>14 de junio de 2024<\/strong>, cuando <strong>Benjam\u00edn Omar D\u00edaz (22)<\/strong> perdi\u00f3 la vida tras ser atacado con piedras que impactaron en su cabeza y le provocaron la muerte.<\/p>\n\n\n\n<p>En ese momento, la primera detenida fue <strong>Eliana Caro<\/strong>, pareja de Balenzuela, aprehendida en Mar del Plata el 24 de junio del a\u00f1o pasado. Sin embargo, la investigaci\u00f3n continu\u00f3: los agentes del GTO siguieron las pistas, revisaron c\u00e1maras y tomaron testimonios hasta conseguir la <strong>orden de detenci\u00f3n<\/strong> contra Balenzuela.<\/p>\n\n\n\n<p>Finalmente, en la Ciudad de Buenos Aires, tras un trabajo conjunto con la Polic\u00eda de la Ciudad, el sospechoso fue capturado y trasladado a la <strong>Comisar\u00eda 6\u00aa de Avellaneda<\/strong>, donde qued\u00f3 alojado a la espera de ser derivado al Servicio Penitenciario.<\/p>\n\n\n\n<p>El caso est\u00e1 bajo la \u00f3rbita del <strong>Juzgado de Garant\u00edas N\u00b01 de Avellaneda<\/strong> y la <strong>UFI y J N\u00b05 de Lomas de Zamora<\/strong>.<\/p>\n\n\n\n<p>#Avellaneda #Gerli #Policiales #LaVozDelVecino #Homicidio #Investigaci\u00f3n #Detenido<\/p>\n","protected":false},"excerpt":{"rendered":"<p>La Polic\u00eda de la Comisar\u00eda 6\u00aa de Avellaneda (Gerli) logr\u00f3 detener a Sebasti\u00e1n Omar Balenzuela, de 26 a\u00f1os, acusado de homicidio agravado por el concurso premeditado de dos o m\u00e1s personas y agravado por la participaci\u00f3n de un menor. El hecho ocurri\u00f3 el 14 de junio de 2024, cuando Benjam\u00edn Omar D\u00edaz (22) perdi\u00f3 la [&hellip;]<\/p>\n","protected":false},"author":4,"featured_media":19556,"comment_status":"open","ping_status":"open","sticky":false,"template":"","format":"standard","meta":{"footnotes":""},"categories":[1,32],"tags":[],"_links":{"self":[{"href":"https:\/\/enlamira.info\/index.php\/wp-json\/wp\/v2\/posts\/19545"}],"collection":[{"href":"https:\/\/enlamira.info\/index.php\/wp-json\/wp\/v2\/posts"}],"about":[{"href":"https:\/\/enlamira.info\/index.php\/wp-json\/wp\/v2\/types\/post"}],"author":[{"embeddable":true,"href":"https:\/\/enlamira.info\/index.php\/wp-json\/wp\/v2\/users\/4"}],"replies":[{"embeddable":true,"href":"https:\/\/enlamira.info\/index.php\/wp-json\/wp\/v2\/comments?post=19545"}],"version-history":[{"count":1,"href":"https:\/\/enlamira.info\/index.php\/wp-json\/wp\/v2\/posts\/19545\/revisions"}],"predecessor-version":[{"id":19557,"href":"https:\/\/enlamira.info\/index.php\/wp-json\/wp\/v2\/posts\/19545\/revisions\/19557"}],"wp:featuredmedia":[{"embeddable":true,"href":"https:\/\/enlamira.info\/index.php\/wp-json\/wp\/v2\/media\/19556"}],"wp:attachment":[{"href":"https:\/\/enlamira.info\/index.php\/wp-json\/wp\/v2\/media?parent=19545"}],"wp:term":[{"taxonomy":"category","embeddable":true,"href":"https:\/\/enlamira.info\/index.php\/wp-json\/wp\/v2\/categories?post=19545"},{"taxonomy":"post_tag","embeddable":true,"href":"https:\/\/enlamira.info\/index.php\/wp-json\/wp\/v2\/tags?post=19545"}],"curies":[{"name":"wp","href":"https:\/\/api.w.org\/{rel}","templated":true}]}}