{"id":19544,"date":"2025-10-15T21:41:00","date_gmt":"2025-10-16T00:41:00","guid":{"rendered":"https:\/\/enlamira.info\/?p=19544"},"modified":"2025-10-15T21:41:00","modified_gmt":"2025-10-16T00:41:00","slug":"violento-episodio-en-villa-corina-un-herido-y-un-detenido-armado","status":"publish","type":"post","link":"https:\/\/enlamira.info\/index.php\/2025\/10\/15\/violento-episodio-en-villa-corina-un-herido-y-un-detenido-armado\/","title":{"rendered":"Violento episodio en Villa Corina: un herido y un detenido armado"},"content":{"rendered":"\n<p>Un joven de 22 a\u00f1os result\u00f3 herido de un disparo en la pierna tras una confrontaci\u00f3n en el centro comercial de Villa Corina, partido de Avellaneda. La v\u00edctima, identificada como <strong>Mauricio Dami\u00e1n Peralta<\/strong>, fue trasladada fuera de peligro.<\/p>\n\n\n\n<p>El hecho ocurri\u00f3 el <strong>14 de octubre de 2025<\/strong>, cuando personal del GTO de la <strong>Comisar\u00eda 7\u00aa de Avellaneda<\/strong> y m\u00f3viles de la <strong>UPPL<\/strong> acudieron al lugar tras un aviso radial sobre una pelea entre varios sujetos. Al llegar, los agentes observaron dentro de un local de ropa a un hombre armado, quien seg\u00fan testigos habr\u00eda efectuado el disparo.<\/p>\n\n\n\n<figure class=\"wp-block-image size-large\"><img loading=\"lazy\" decoding=\"async\" width=\"576\" height=\"1024\" src=\"https:\/\/enlamira.info\/wp-content\/uploads\/2025\/10\/f668796c-de62-49fa-9790-3c4d76c3a444-576x1024.jpg\" alt=\"\" class=\"wp-image-19549\" srcset=\"https:\/\/enlamira.info\/wp-content\/uploads\/2025\/10\/f668796c-de62-49fa-9790-3c4d76c3a444-576x1024.jpg 576w, https:\/\/enlamira.info\/wp-content\/uploads\/2025\/10\/f668796c-de62-49fa-9790-3c4d76c3a444-169x300.jpg 169w, https:\/\/enlamira.info\/wp-content\/uploads\/2025\/10\/f668796c-de62-49fa-9790-3c4d76c3a444.jpg 720w\" sizes=\"(max-width: 576px) 100vw, 576px\" \/><\/figure>\n\n\n\n<p>El agresor fue identificado como <strong>Axel David Soto<\/strong>, de 25 a\u00f1os, quien fue aprehendido en el acto. En su poder se secuestr\u00f3 un <strong>rev\u00f3lver calibre .32 largo<\/strong>, con dos municiones y <strong>pedido activo de secuestro por robo calificado<\/strong>.<\/p>\n\n\n\n<p>Minutos despu\u00e9s, otros dos individuos que se hab\u00edan fugado en una <strong>motocicleta Corven 110 negra (patente A209GOO)<\/strong> fueron interceptados en <strong>C. Larralde y Rod\u00f3, Wilde<\/strong>. Los sospechosos fueron identificados como <strong>Sebasti\u00e1n Ezequiel Bravo<\/strong> y <strong>Alan Alessandro Ortega<\/strong>, ambos de 25 y 23 a\u00f1os respectivamente.<\/p>\n\n\n\n<p>Interviene la <strong>UFI 3 de Avellaneda<\/strong>, a cargo del Dr. Elbio Laborde, quien dispuso la <strong>aprehensi\u00f3n de Soto<\/strong> y la <strong>identificaci\u00f3n de Bravo y Ortega<\/strong>, adem\u00e1s de las pericias de rigor sobre el arma y la moto secuestradas.<\/p>\n\n\n\n<p>El operativo fue supervisado por el <strong>comisario Adri\u00e1n Fern\u00e1ndez<\/strong>, titular de la <strong>Comisar\u00eda 7\u00aa de Avellaneda<\/strong>.<\/p>\n\n\n\n<figure class=\"wp-block-image size-large\"><img loading=\"lazy\" decoding=\"async\" width=\"1024\" height=\"846\" src=\"https:\/\/enlamira.info\/wp-content\/uploads\/2025\/10\/dbde2f0d-ffe9-444d-85d7-eef335a79f60-1024x846.jpg\" alt=\"\" class=\"wp-image-19548\" srcset=\"https:\/\/enlamira.info\/wp-content\/uploads\/2025\/10\/dbde2f0d-ffe9-444d-85d7-eef335a79f60-1024x846.jpg 1024w, https:\/\/enlamira.info\/wp-content\/uploads\/2025\/10\/dbde2f0d-ffe9-444d-85d7-eef335a79f60-300x248.jpg 300w, https:\/\/enlamira.info\/wp-content\/uploads\/2025\/10\/dbde2f0d-ffe9-444d-85d7-eef335a79f60-768x634.jpg 768w, https:\/\/enlamira.info\/wp-content\/uploads\/2025\/10\/dbde2f0d-ffe9-444d-85d7-eef335a79f60.jpg 1280w\" sizes=\"(max-width: 1024px) 100vw, 1024px\" \/><\/figure>\n","protected":false},"excerpt":{"rendered":"<p>Un joven de 22 a\u00f1os result\u00f3 herido de un disparo en la pierna tras una confrontaci\u00f3n en el centro comercial de Villa Corina, partido de Avellaneda. La v\u00edctima, identificada como Mauricio Dami\u00e1n Peralta, fue trasladada fuera de peligro. El hecho ocurri\u00f3 el 14 de octubre de 2025, cuando personal del GTO de la Comisar\u00eda 7\u00aa [&hellip;]<\/p>\n","protected":false},"author":4,"featured_media":19550,"comment_status":"open","ping_status":"open","sticky":false,"template":"","format":"standard","meta":{"footnotes":""},"categories":[1,32],"tags":[],"_links":{"self":[{"href":"https:\/\/enlamira.info\/index.php\/wp-json\/wp\/v2\/posts\/19544"}],"collection":[{"href":"https:\/\/enlamira.info\/index.php\/wp-json\/wp\/v2\/posts"}],"about":[{"href":"https:\/\/enlamira.info\/index.php\/wp-json\/wp\/v2\/types\/post"}],"author":[{"embeddable":true,"href":"https:\/\/enlamira.info\/index.php\/wp-json\/wp\/v2\/users\/4"}],"replies":[{"embeddable":true,"href":"https:\/\/enlamira.info\/index.php\/wp-json\/wp\/v2\/comments?post=19544"}],"version-history":[{"count":1,"href":"https:\/\/enlamira.info\/index.php\/wp-json\/wp\/v2\/posts\/19544\/revisions"}],"predecessor-version":[{"id":19551,"href":"https:\/\/enlamira.info\/index.php\/wp-json\/wp\/v2\/posts\/19544\/revisions\/19551"}],"wp:featuredmedia":[{"embeddable":true,"href":"https:\/\/enlamira.info\/index.php\/wp-json\/wp\/v2\/media\/19550"}],"wp:attachment":[{"href":"https:\/\/enlamira.info\/index.php\/wp-json\/wp\/v2\/media?parent=19544"}],"wp:term":[{"taxonomy":"category","embeddable":true,"href":"https:\/\/enlamira.info\/index.php\/wp-json\/wp\/v2\/categories?post=19544"},{"taxonomy":"post_tag","embeddable":true,"href":"https:\/\/enlamira.info\/index.php\/wp-json\/wp\/v2\/tags?post=19544"}],"curies":[{"name":"wp","href":"https:\/\/api.w.org\/{rel}","templated":true}]}}