{"id":19501,"date":"2025-10-13T22:14:56","date_gmt":"2025-10-14T01:14:56","guid":{"rendered":"https:\/\/enlamira.info\/?p=19501"},"modified":"2025-10-13T22:14:56","modified_gmt":"2025-10-14T01:14:56","slug":"dos-abuelos-en-plaza-alsina-necesitan-la-ayuda-de-los-vecinos","status":"publish","type":"post","link":"https:\/\/enlamira.info\/index.php\/2025\/10\/13\/dos-abuelos-en-plaza-alsina-necesitan-la-ayuda-de-los-vecinos\/","title":{"rendered":"Dos abuelos en Plaza Alsina necesitan la ayuda de los vecinos"},"content":{"rendered":"\n<p>En el coraz\u00f3n de Avellaneda, <strong>dos abuelos que viven en Plaza Alsina<\/strong> atraviesan una situaci\u00f3n dif\u00edcil y necesitan la ayuda urgente de la comunidad.<\/p>\n\n\n\n<figure class=\"wp-block-video\"><video controls src=\"https:\/\/enlamira.info\/wp-content\/uploads\/2025\/10\/WhatsApp-Video-2025-10-13-at-22.01.31.mp4\"><\/video><\/figure>\n\n\n\n<p>Los integrantes del <strong>Colectivo Solidario<\/strong>, que cada semana brindan comida y contenci\u00f3n a <strong>m\u00e1s de 600 vecinos en situaci\u00f3n de calle<\/strong>, lanzaron un pedido especial para asistirlos.<\/p>\n\n\n\n<p>Ambos necesitan <strong>ropa liviana para el calor (shorts, remeras, toallas)<\/strong> y <strong>elementos de higiene personal<\/strong>.<br>Adem\u00e1s, <strong>Oscar<\/strong> calza <strong>42<\/strong>, y <strong>Carlos<\/strong>, un enfermero que perdi\u00f3 todo, necesita <strong>pantalones, zapatillas talle 43, ropa interior, jab\u00f3n, shampoo y m\u00e1quinas de afeitar<\/strong>.<\/p>\n\n\n\n<figure class=\"wp-block-video\"><video controls src=\"https:\/\/enlamira.info\/wp-content\/uploads\/2025\/10\/WhatsApp-Video-2025-10-13-at-22.01.40.mp4\"><\/video><\/figure>\n\n\n\n<p>Las donaciones se pueden acercar a la <strong>pizzer\u00eda \u201cLos Tres Ases\u201d de Sarand\u00ed<\/strong>, donde el <strong>Colectivo Solidario<\/strong> recibe lo que los vecinos puedan aportar.<\/p>\n\n\n\n<p>\u201cCada aporte, por m\u00e1s peque\u00f1o que parezca, ayuda a que estas personas pasen el d\u00eda con un poco m\u00e1s de dignidad\u201d, expresaron desde la organizaci\u00f3n, que todos los d\u00edas sostiene una red de solidaridad en las calles de Avellaneda.<\/p>\n","protected":false},"excerpt":{"rendered":"<p>En el coraz\u00f3n de Avellaneda, dos abuelos que viven en Plaza Alsina atraviesan una situaci\u00f3n dif\u00edcil y necesitan la ayuda urgente de la comunidad. Los integrantes del Colectivo Solidario, que cada semana brindan comida y contenci\u00f3n a m\u00e1s de 600 vecinos en situaci\u00f3n de calle, lanzaron un pedido especial para asistirlos. Ambos necesitan ropa liviana [&hellip;]<\/p>\n","protected":false},"author":4,"featured_media":19504,"comment_status":"open","ping_status":"open","sticky":false,"template":"","format":"standard","meta":{"footnotes":""},"categories":[1,23,34],"tags":[],"_links":{"self":[{"href":"https:\/\/enlamira.info\/index.php\/wp-json\/wp\/v2\/posts\/19501"}],"collection":[{"href":"https:\/\/enlamira.info\/index.php\/wp-json\/wp\/v2\/posts"}],"about":[{"href":"https:\/\/enlamira.info\/index.php\/wp-json\/wp\/v2\/types\/post"}],"author":[{"embeddable":true,"href":"https:\/\/enlamira.info\/index.php\/wp-json\/wp\/v2\/users\/4"}],"replies":[{"embeddable":true,"href":"https:\/\/enlamira.info\/index.php\/wp-json\/wp\/v2\/comments?post=19501"}],"version-history":[{"count":1,"href":"https:\/\/enlamira.info\/index.php\/wp-json\/wp\/v2\/posts\/19501\/revisions"}],"predecessor-version":[{"id":19505,"href":"https:\/\/enlamira.info\/index.php\/wp-json\/wp\/v2\/posts\/19501\/revisions\/19505"}],"wp:featuredmedia":[{"embeddable":true,"href":"https:\/\/enlamira.info\/index.php\/wp-json\/wp\/v2\/media\/19504"}],"wp:attachment":[{"href":"https:\/\/enlamira.info\/index.php\/wp-json\/wp\/v2\/media?parent=19501"}],"wp:term":[{"taxonomy":"category","embeddable":true,"href":"https:\/\/enlamira.info\/index.php\/wp-json\/wp\/v2\/categories?post=19501"},{"taxonomy":"post_tag","embeddable":true,"href":"https:\/\/enlamira.info\/index.php\/wp-json\/wp\/v2\/tags?post=19501"}],"curies":[{"name":"wp","href":"https:\/\/api.w.org\/{rel}","templated":true}]}}