{"id":19489,"date":"2025-10-13T07:34:36","date_gmt":"2025-10-13T10:34:36","guid":{"rendered":"https:\/\/enlamira.info\/?p=19489"},"modified":"2025-10-13T07:34:36","modified_gmt":"2025-10-13T10:34:36","slug":"mayra-mendoza-queremos-volver-a-tener-una-argentina-justa-libre-y-soberana-como-aquella-que-tuvimos-con-nestor-y-cristina","status":"publish","type":"post","link":"https:\/\/enlamira.info\/index.php\/2025\/10\/13\/mayra-mendoza-queremos-volver-a-tener-una-argentina-justa-libre-y-soberana-como-aquella-que-tuvimos-con-nestor-y-cristina\/","title":{"rendered":"Mayra Mendoza: &#8220;Queremos volver a tener una Argentina justa, libre y soberana, como aquella que tuvimos con N\u00e9stor y Cristina&#8221;"},"content":{"rendered":"\n<p>La intendenta de Quilmes, Mayra Mendoza, encabez\u00f3 este domingo los festejos por el 76\u00ba aniversario de San Francisco Solano que tuvo su inicio con un desayuno y una ceremonia en el Cuartel de Bomberos Voluntarios de San Francisco Solano, prosigui\u00f3 con el izamiento del pabell\u00f3n nacional en la plaza Yapey\u00fa, con el Tedeum en la parroquia San Francisco Solano y con el desfile c\u00edvico tradicionalista sobre la avenida 844 y 895. Durante la tarde y hasta la noche la celebraci\u00f3n contin\u00faa con shows musicales en el escenario de 844 y 893.<\/p>\n\n\n\n<p>&#8220;\u00a1Feliz cumplea\u00f1os San Francisco Solano! 76 a\u00f1os de historia de ra\u00edces y de mucha fuerza. Cuando uno tiene fe, act\u00faa desde el coraz\u00f3n. Y cuando el pueblo de Solano reconoce la gesti\u00f3n de trabajo, conf\u00eda en los proyectos pol\u00edticos que tienen el coraz\u00f3n puesto en el pueblo. Hoy tenemos un gobierno nacional que no tiene coraz\u00f3n y eso el pueblo trabajador no se lo merece y no lo quiere. Por eso, ya sabemos d\u00f3nde tiene que estar el pueblo que s\u00ed tiene alma, que siente el dolor del otro, los que tenemos coraz\u00f3n, fe y queremos salir adelante&#8221;, se\u00f1al\u00f3 Mayra acompa\u00f1ada por integrantes del Gabinete Municipal, autoridades, representantes de instituciones y de escuelas, y vecinos y vecinas.<br>Y resalt\u00f3: &#8220;Los que queremos a la Argentina, los que tenemos en el coraz\u00f3n al otro, no queremos otra vez vivir de rodillas ante el Fondo Monetario Internacional como quieren y lo est\u00e1n haciendo lamentablemente en estos d\u00edas. Queremos volver a tener una Argentina justa, libre y soberana, como aquella que tuvimos con N\u00e9stor y Cristina, habi\u00e9ndonos liberado del FMI, creando millones de puestos de trabajo, garantizado los derechos previsionales para nuestras mujeres y nuestros jubilados. En esa Argentina tenemos que volver a vivir y para que eso todos tenemos que en confiar en la pol\u00edtica como herramienta de transformaci\u00f3n&#8221;.<\/p>\n\n\n\n<p>Y subray\u00f3: &#8220;Nosotros somos militantes pol\u00edticos que seguramente tenemos errores, pero tenemos el coraz\u00f3n puesto en el pueblo y esa es la pol\u00edtica que hay que reconocer, valorar y cuidar. Seamos audaces, vecinos y vecinas de Solano. Creamos en la pol\u00edtica, elijamos a nuestros representantes, exijamos resultados de los gobiernos y evaluemos objetivamente qu\u00e9 gobiernos son los que mejoran y transforman la vida de la gente y qui\u00e9nes son los que perjudican e hipotecan el futuro del las nuevas generaciones. Si podemos hacer esa evaluaci\u00f3n, sabemos, y con orgullo lo digo, que los d\u00edas m\u00e1s felices fueron, son y ser\u00e1n peronistas. \u00a1Gracias Solano de coraz\u00f3n!, siempre de donde me toque voy a estar trabajando para ustedes&#8221;.<\/p>\n\n\n\n<p>La Jefa comunal comenz\u00f3 el domingo de festejos en el cuartel de Bomberos Voluntarios de San Francisco Solano, ubicado en la calle 893 N\u00ba 4467, donde se desarroll\u00f3 un desayuno y una ceremonia en el marco de 67\u00ba aniversario de la instituci\u00f3n en la cual se present\u00f3 una nueva unidad m\u00f3vil. En la ocasi\u00f3n, Mayra salud\u00f3 a los integrantes del cuerpo bomberil y a sus respectivas autoridades.<\/p>\n\n\n\n<p>Luego se dirigi\u00f3 hasta la plaza Yapey\u00fa donde realiz\u00f3 el izamiento de la bandera nacional junto al presidente de la Comisi\u00f3n de Festejos de San Francisco Solano, Ram\u00f3n Arce. Minutos despu\u00e9s asisti\u00f3 al Tedeum a cargo del obispo auxiliar de la Di\u00f3cesis de Quilmes, monse\u00f1or Eduardo Redondo, que se efectu\u00f3 en la parroquia San Francisco Solano. Hasta que finalmente, Mayra se acerc\u00f3 hasta el palco en la avenida 844 y 895, para presenciar el desfile, donde dio su discurso ante miles de vecinos y vecinas.<\/p>\n\n\n\n<p>En este marco, la fiesta continu\u00f3 hasta entrada la noche con la feria de emprendedores y foodtrucks, a precios populares, y con las propuestas musicales sobre el escenario ubicado en el play\u00f3n de la intersecci\u00f3n de las avenidas 844 y 893, que contar\u00e1 con el gran cierre de una noche a pura cumbia a cargo de Jimmy y su Combo Negro y La T y la M. Previamente, se podr\u00e1n ver los shows en vivo de Bellson; Ra\u00edces; Jeko; la exhibici\u00f3n de free style; Ale Vega y Juan Manuel; 010 Rock; Babilonia; La Juando; Simplemente Manseros, Los Charros y Banda Ju\u00e1rez.<\/p>\n\n\n\n<p>La jornada est\u00e1 organizada por el Municipio de Quilmes, en conjunto con las siguientes instituciones de San Francisco Solano: el Rotary Club; el Club de Leones; los Bomberos Voluntarios y la C\u00e1mara Regional de Comercio e Industria, adem\u00e1s del Instituto Cultural de la Provincia de Buenos Aires, y contar\u00e1 con todos los protocolos de seguridad, fiscalizaci\u00f3n y limpieza para el disfrute de las y los presentes.<\/p>\n","protected":false},"excerpt":{"rendered":"<p>La intendenta de Quilmes, Mayra Mendoza, encabez\u00f3 este domingo los festejos por el 76\u00ba aniversario de San Francisco Solano que tuvo su inicio con un desayuno y una ceremonia en el Cuartel de Bomberos Voluntarios de San Francisco Solano, prosigui\u00f3 con el izamiento del pabell\u00f3n nacional en la plaza Yapey\u00fa, con el Tedeum en la [&hellip;]<\/p>\n","protected":false},"author":4,"featured_media":19486,"comment_status":"open","ping_status":"open","sticky":false,"template":"","format":"standard","meta":{"footnotes":""},"categories":[1],"tags":[28,2006,443],"_links":{"self":[{"href":"https:\/\/enlamira.info\/index.php\/wp-json\/wp\/v2\/posts\/19489"}],"collection":[{"href":"https:\/\/enlamira.info\/index.php\/wp-json\/wp\/v2\/posts"}],"about":[{"href":"https:\/\/enlamira.info\/index.php\/wp-json\/wp\/v2\/types\/post"}],"author":[{"embeddable":true,"href":"https:\/\/enlamira.info\/index.php\/wp-json\/wp\/v2\/users\/4"}],"replies":[{"embeddable":true,"href":"https:\/\/enlamira.info\/index.php\/wp-json\/wp\/v2\/comments?post=19489"}],"version-history":[{"count":1,"href":"https:\/\/enlamira.info\/index.php\/wp-json\/wp\/v2\/posts\/19489\/revisions"}],"predecessor-version":[{"id":19490,"href":"https:\/\/enlamira.info\/index.php\/wp-json\/wp\/v2\/posts\/19489\/revisions\/19490"}],"wp:featuredmedia":[{"embeddable":true,"href":"https:\/\/enlamira.info\/index.php\/wp-json\/wp\/v2\/media\/19486"}],"wp:attachment":[{"href":"https:\/\/enlamira.info\/index.php\/wp-json\/wp\/v2\/media?parent=19489"}],"wp:term":[{"taxonomy":"category","embeddable":true,"href":"https:\/\/enlamira.info\/index.php\/wp-json\/wp\/v2\/categories?post=19489"},{"taxonomy":"post_tag","embeddable":true,"href":"https:\/\/enlamira.info\/index.php\/wp-json\/wp\/v2\/tags?post=19489"}],"curies":[{"name":"wp","href":"https:\/\/api.w.org\/{rel}","templated":true}]}}