{"id":19398,"date":"2025-10-08T00:43:58","date_gmt":"2025-10-08T03:43:58","guid":{"rendered":"https:\/\/enlamira.info\/?p=19398"},"modified":"2025-10-08T00:43:58","modified_gmt":"2025-10-08T03:43:58","slug":"en-el-caso-del-triple-crimen-de-varela-hay-un-nuevo-sospechoso-el-loco-david","status":"publish","type":"post","link":"https:\/\/enlamira.info\/index.php\/2025\/10\/08\/en-el-caso-del-triple-crimen-de-varela-hay-un-nuevo-sospechoso-el-loco-david\/","title":{"rendered":"En el caso del triple crimen de Varela hay un nuevo sospechoso: \u201cEl Loco David\u201d"},"content":{"rendered":"\n<p>Los ojos de la investigaci\u00f3n por el triple crimen de Brenda del Castillo (20), Morena Verdi (20) y Lara Guti\u00e9rrez (15) en Florencio Varela se posan sobre un nuevo y escurridizo sospechoso: \u201cEl Loco David\u201d, tambi\u00e9n conocido como \u201cTarta\u201d.<\/p>\n\n\n\n<p>Los fiscales y la polic\u00eda creen que este hombre ser\u00eda uno de los sicarios contratados por \u201cPeque\u00f1o J\u201d (actualmente detenido en Per\u00fa) para ejecutar el brutal femicidio.<\/p>\n\n\n\n<p>El hombre es se\u00f1alado como un \u201ctransa peruano\u201d radicado en la villa 1-11-14 y con v\u00ednculos con bandas narco que operan en la zona sur del conurbano bonaerense.<\/p>\n\n\n\n<p>Los investigadores creen que \u201cEl Loco David\u201d ser\u00eda el brazo ejecutor de una venganza narco, aunque los motivos exactos del crimen de las tres j\u00f3venes a\u00fan est\u00e1n bajo la lupa.<\/p>\n\n\n\n<p>El \u201cTarta\u201d es un hombre de 45 a\u00f1os nacido en Trujillo, Per\u00fa, y su figura se volvi\u00f3 central gracias a la declaraci\u00f3n de otro detenido, el chofer lo traslad\u00f3 esa noche desde Florencio Varela a Bajo Flores.<\/p>\n\n\n\n<p>Este detenido relat\u00f3 a la Justicia que el hombre lo contact\u00f3 para que lo llevara a una \u201cfiesta peruana\u201d y luego que le buscara una campera en una bolsa. Despu\u00e9s de esperar en una estaci\u00f3n de servicio y recibir un mensaje con la ubicaci\u00f3n, el remisero se dirigi\u00f3 a Florencio Varela.<\/p>\n\n\n\n<p>\u201cCuando estoy llegando veo que vienen caminando, eran David y dos muchachos\u201c, declar\u00f3 el detenido, situando el encuentro a unas 20 cuadras de la casa que ser\u00eda la escena del crimen.<\/p>\n\n\n\n<p>El chofer detall\u00f3 que los tres pasajeros \u201cven\u00edan todos mojados, manchados de barro\u201c. El chofer pens\u00f3 que \u201cse habr\u00e1n peleado en la fiesta, era una fiesta peruana\u201d, pero dos de ellos ten\u00edan la boca tapada y \u201cEl Loco David\u201d iba adelante \u201cmojado y embarrado\u201d.<\/p>\n\n\n\n<p>En el auto, el \u201cTarta\u201d tuvo un comportamiento agresivo, lo que levant\u00f3 sospechas en el remisero: \u201cMe dice \u2018qu\u00e9 mir\u00e1s sapo, manej\u00e1 y mir\u00e1 para adelante\u2019\u201d. Tambi\u00e9n not\u00f3 que estaban \u201cborrachos porque ten\u00edan olor a alcohol\u201d.<\/p>\n\n\n\n<p>El remisero relat\u00f3 que primero dej\u00f3 a los dos acompa\u00f1antes en la Villa Zavaleta. Luego, cuando qued\u00f3 solo \u201cEl Loco David\u201d en el auto, el sospechoso se cambi\u00f3 de ropa. \u201cSe sac\u00f3 la ropa que estaba mojada y embarrada y la tir\u00f3 en un contenedor\u201d, dijo. Todo ocurri\u00f3 camino a la villa 1-11-14. Incluso, se \u201cqued\u00f3 en calzoncillos arriba del auto y me dec\u00eda \u2018no me mires sapo\u2019\u201d.<\/p>\n\n\n\n<p>Al ser consultado por el fiscal Carlos Arribas sobre por qu\u00e9 alguien tirar\u00eda ropa embarrada, el chofer fue contundente: \u201cYo la lavar\u00eda, salvo que haya hecho algo malo\u201d.<\/p>\n\n\n\n<p>El chofer tambi\u00e9n revel\u00f3 un dato clave sobre los veh\u00edculos usados en el secuestro de las v\u00edctimas: la camioneta Tracker blanca en la que subieron a Brenda, Morena y Lara era del mismo David. Si bien el detenido dijo que \u201c\u00c9l dec\u00eda que la hab\u00eda comprado unos d\u00edas antes\u201d, luego se confirm\u00f3 que el veh\u00edculo hab\u00eda sido robado.<\/p>\n\n\n\n<p>Por el viaje, el chofer de remis cobr\u00f3 una suma de $600.000 en efectivo al d\u00eda siguiente, el domingo 21 de septiembre.<\/p>\n","protected":false},"excerpt":{"rendered":"<p>Los ojos de la investigaci\u00f3n por el triple crimen de Brenda del Castillo (20), Morena Verdi (20) y Lara Guti\u00e9rrez (15) en Florencio Varela se posan sobre un nuevo y escurridizo sospechoso: \u201cEl Loco David\u201d, tambi\u00e9n conocido como \u201cTarta\u201d. Los fiscales y la polic\u00eda creen que este hombre ser\u00eda uno de los sicarios contratados por [&hellip;]<\/p>\n","protected":false},"author":4,"featured_media":19400,"comment_status":"open","ping_status":"open","sticky":false,"template":"","format":"standard","meta":{"footnotes":""},"categories":[1],"tags":[28],"_links":{"self":[{"href":"https:\/\/enlamira.info\/index.php\/wp-json\/wp\/v2\/posts\/19398"}],"collection":[{"href":"https:\/\/enlamira.info\/index.php\/wp-json\/wp\/v2\/posts"}],"about":[{"href":"https:\/\/enlamira.info\/index.php\/wp-json\/wp\/v2\/types\/post"}],"author":[{"embeddable":true,"href":"https:\/\/enlamira.info\/index.php\/wp-json\/wp\/v2\/users\/4"}],"replies":[{"embeddable":true,"href":"https:\/\/enlamira.info\/index.php\/wp-json\/wp\/v2\/comments?post=19398"}],"version-history":[{"count":1,"href":"https:\/\/enlamira.info\/index.php\/wp-json\/wp\/v2\/posts\/19398\/revisions"}],"predecessor-version":[{"id":19399,"href":"https:\/\/enlamira.info\/index.php\/wp-json\/wp\/v2\/posts\/19398\/revisions\/19399"}],"wp:featuredmedia":[{"embeddable":true,"href":"https:\/\/enlamira.info\/index.php\/wp-json\/wp\/v2\/media\/19400"}],"wp:attachment":[{"href":"https:\/\/enlamira.info\/index.php\/wp-json\/wp\/v2\/media?parent=19398"}],"wp:term":[{"taxonomy":"category","embeddable":true,"href":"https:\/\/enlamira.info\/index.php\/wp-json\/wp\/v2\/categories?post=19398"},{"taxonomy":"post_tag","embeddable":true,"href":"https:\/\/enlamira.info\/index.php\/wp-json\/wp\/v2\/tags?post=19398"}],"curies":[{"name":"wp","href":"https:\/\/api.w.org\/{rel}","templated":true}]}}