{"id":19389,"date":"2025-10-07T20:35:08","date_gmt":"2025-10-07T23:35:08","guid":{"rendered":"https:\/\/enlamira.info\/?p=19389"},"modified":"2025-10-07T20:35:08","modified_gmt":"2025-10-07T23:35:08","slug":"pedro-luro-tendra-su-primera-feria-del-libro-en-el-club-villa-obrera","status":"publish","type":"post","link":"https:\/\/enlamira.info\/index.php\/2025\/10\/07\/pedro-luro-tendra-su-primera-feria-del-libro-en-el-club-villa-obrera\/","title":{"rendered":"Pedro Luro tendr\u00e1 su primera Feria del Libro en el Club Villa Obrera"},"content":{"rendered":"\n<p>En una iniciativa que une el arte, la lectura y el esp\u00edritu comunitario, el Club Villa Obrera de Pedro Luro anunci\u00f3 la realizaci\u00f3n de la <strong>primera Feria del Libro local<\/strong>, un evento hist\u00f3rico que combina cultura, educaci\u00f3n y participaci\u00f3n barrial. La feria se llevar\u00e1 a cabo los d\u00edas <strong>30 y 31 de octubre y 1\u00b0 de noviembre<\/strong>, con entrada <strong>libre y gratuita<\/strong>, en las instalaciones del tradicional club.<\/p>\n\n\n\n<p>La actividad es organizada por la <strong>subcomisi\u00f3n de Cultura del Club Villa Obrera<\/strong>, creada en 2019, que busca ampliar el alcance social de la instituci\u00f3n y fortalecer su rol comunitario. \u201cEsta feria es un hecho hist\u00f3rico para nosotros. Es la primera vez que se hace un evento de este tipo en un club de barrio de la regi\u00f3n\u201d, explic\u00f3 <strong>Selva<\/strong>, una de las organizadoras, en di\u00e1logo con <em>La Voz del Vecino<\/em>.<\/p>\n\n\n\n<p>El encuentro contar\u00e1 con <strong>editoriales invitadas, talleres, lecturas, presentaciones de libros y propuestas educativas<\/strong> para estudiantes de nivel secundario. Uno de los momentos destacados ser\u00e1 la charla con el <strong>escritor y editor Esteban Castrom\u00e1n<\/strong>, especialmente dirigida a j\u00f3venes lectores.<\/p>\n\n\n\n<p>Adem\u00e1s, se realizar\u00e1 la <strong>entrega de premios del Concurso Literario local<\/strong>, el <strong>1\u00b0 de noviembre a las 19 horas<\/strong>, en el marco del evento cultural.<\/p>\n\n\n\n<blockquote class=\"wp-block-quote\">\n<p>\u201cTiene que ver con incentivar la lectura, con pol\u00edticas p\u00fablicas y con el acompa\u00f1amiento desde las familias. Es importante recuperar esos espacios que motivan a los chicos y chicas a leer y crear\u201d, destac\u00f3 Selva.<\/p>\n<\/blockquote>\n\n\n\n<p>La feria forma parte del <strong>proyecto de fortalecimiento institucional impulsado por la Uni\u00f3n Nacional de Clubes de Barrio<\/strong>, que promueve que los clubes recuperen su papel como espacios de encuentro, formaci\u00f3n y promoci\u00f3n cultural.<\/p>\n\n\n\n<p>Entre las actividades especiales, se destaca una <strong>original propuesta art\u00edstica que combina el payador tradicional con el rap y el hip hop<\/strong>, uniendo el lenguaje rural y el urbano en una fusi\u00f3n creativa que promete sorprender al p\u00fablico.<\/p>\n\n\n\n<p>\u201cM\u00e1s all\u00e1 del deporte, los clubes siguen siendo lugares de encuentro. Este tipo de iniciativas culturales fortalecen la identidad barrial y demuestran que el club puede ser tambi\u00e9n un puente hacia la cultura y la educaci\u00f3n\u201d, se\u00f1alaron desde la organizaci\u00f3n.<\/p>\n\n\n\n<p><strong>Feria del Libro de Pedro Luro (FLIP 2025)<\/strong><br><strong>30, 31 de octubre y 1\u00b0 de noviembre<\/strong><br> <strong>Club Villa Obrera, Pedro Luro<\/strong><br> Entrada libre y gratuita<br><a href=\"mailto:feriadelibropedroluro@gmail.com\">feriadelibropedroluro@gmail.com<\/a><br> Instagram: <a href=\"https:\/\/www.instagram.com\/flip2025\">@flip2025<\/a><\/p>\n","protected":false},"excerpt":{"rendered":"<p>En una iniciativa que une el arte, la lectura y el esp\u00edritu comunitario, el Club Villa Obrera de Pedro Luro anunci\u00f3 la realizaci\u00f3n de la primera Feria del Libro local, un evento hist\u00f3rico que combina cultura, educaci\u00f3n y participaci\u00f3n barrial. La feria se llevar\u00e1 a cabo los d\u00edas 30 y 31 de octubre y 1\u00b0 [&hellip;]<\/p>\n","protected":false},"author":4,"featured_media":19393,"comment_status":"open","ping_status":"open","sticky":false,"template":"","format":"standard","meta":{"footnotes":""},"categories":[34],"tags":[],"_links":{"self":[{"href":"https:\/\/enlamira.info\/index.php\/wp-json\/wp\/v2\/posts\/19389"}],"collection":[{"href":"https:\/\/enlamira.info\/index.php\/wp-json\/wp\/v2\/posts"}],"about":[{"href":"https:\/\/enlamira.info\/index.php\/wp-json\/wp\/v2\/types\/post"}],"author":[{"embeddable":true,"href":"https:\/\/enlamira.info\/index.php\/wp-json\/wp\/v2\/users\/4"}],"replies":[{"embeddable":true,"href":"https:\/\/enlamira.info\/index.php\/wp-json\/wp\/v2\/comments?post=19389"}],"version-history":[{"count":1,"href":"https:\/\/enlamira.info\/index.php\/wp-json\/wp\/v2\/posts\/19389\/revisions"}],"predecessor-version":[{"id":19394,"href":"https:\/\/enlamira.info\/index.php\/wp-json\/wp\/v2\/posts\/19389\/revisions\/19394"}],"wp:featuredmedia":[{"embeddable":true,"href":"https:\/\/enlamira.info\/index.php\/wp-json\/wp\/v2\/media\/19393"}],"wp:attachment":[{"href":"https:\/\/enlamira.info\/index.php\/wp-json\/wp\/v2\/media?parent=19389"}],"wp:term":[{"taxonomy":"category","embeddable":true,"href":"https:\/\/enlamira.info\/index.php\/wp-json\/wp\/v2\/categories?post=19389"},{"taxonomy":"post_tag","embeddable":true,"href":"https:\/\/enlamira.info\/index.php\/wp-json\/wp\/v2\/tags?post=19389"}],"curies":[{"name":"wp","href":"https:\/\/api.w.org\/{rel}","templated":true}]}}