{"id":19388,"date":"2025-10-07T20:17:16","date_gmt":"2025-10-07T23:17:16","guid":{"rendered":"https:\/\/enlamira.info\/?p=19388"},"modified":"2025-10-07T20:17:16","modified_gmt":"2025-10-07T23:17:16","slug":"una-cocina-nueva-una-esperanza-mas-el-comedor-mia-de-los-milagros-recibio-la-ayuda-de-una-empresa-local","status":"publish","type":"post","link":"https:\/\/enlamira.info\/index.php\/2025\/10\/07\/una-cocina-nueva-una-esperanza-mas-el-comedor-mia-de-los-milagros-recibio-la-ayuda-de-una-empresa-local\/","title":{"rendered":"Una cocina nueva, una esperanza m\u00e1s: el comedor \u201cM\u00eda de los Milagros\u201d recibi\u00f3 la ayuda de una empresa local"},"content":{"rendered":"\n<p><strong>Por La Voz del Vecino<\/strong><br><strong>Avellaneda \u2013 Villa Tranquila<\/strong><\/p>\n\n\n\n<p>En tiempos donde la solidaridad escasea y la confianza en las instituciones parece quebrarse, hay gestos que devuelven la fe. En Villa Tranquila, un barrio de Avellaneda donde las necesidades son muchas, una historia buena irrumpi\u00f3 entre tantas malas noticias: el comedor <strong>\u201cM\u00eda de los Milagros\u201d<\/strong>, dirigido por la referente social <strong>Silvina Oros<\/strong>, recibi\u00f3 una cocina nueva donada por <strong>Tabacalera Sarand\u00ed<\/strong>, gracias al puente solidario que tendi\u00f3 el programa radial <strong>\u201cLa Voz del Vecino\u201d<\/strong>, conducido por <strong>Marcelo Brunwald<\/strong>.<\/p>\n\n\n\n<p>\u201cNo hay nada m\u00e1s lindo en mi profesi\u00f3n que tender puentes\u201d, expres\u00f3 Brunwald. \u201cSiempre nos quejamos de los pol\u00edticos, pero el cambio real lo podemos hacer los vecinos, entre nosotros\u201d.<\/p>\n\n\n\n<p>Silvina Oros cont\u00f3 que su comedor funciona en pleno coraz\u00f3n de Villa Tranquila, junto al jard\u00edn maternal del barrio, donde todos los d\u00edas cocina para familias que atraviesan situaciones dif\u00edciles.<br>\u201cSiempre vienen y prometen cosas, pero nunca llegan. Esta vez fue distinto. Gracias a ustedes, a la radio y a la gente de la tabacalera, hoy tenemos una cocina nueva\u201d, relat\u00f3 emocionada.<\/p>\n\n\n\n<hr class=\"wp-block-separator has-alpha-channel-opacity\"\/>\n\n\n\n<h3 class=\"wp-block-heading\">La fuerza de la comunidad<\/h3>\n\n\n\n<p>La donaci\u00f3n de <strong>Tabacalera Sarand\u00ed<\/strong> permiti\u00f3 reemplazar una vieja cocina por una completamente equipada, con horno, hornallas, plancha y parrilla. \u201cFue una alegr\u00eda enorme. Todo el barrio se acerc\u00f3. La excusa fue la cocina, pero lo importante fue que nos volvimos a juntar\u201d, cont\u00f3 Silvina, mientras vecinos, j\u00f3venes y familias compart\u00edan la noticia con entusiasmo.<\/p>\n\n\n\n<p>La referente social tambi\u00e9n quiso expresar su gratitud a quienes hicieron posible la ayuda:<\/p>\n\n\n\n<blockquote class=\"wp-block-quote\">\n<p>\u201cQuiero agradecer especialmente a <strong>Claudia Romero Roura<\/strong>, <strong>Javier<\/strong> y <strong>Pablo<\/strong>, de Tabacalera Sarand\u00ed, por cumplir su palabra y acercarse al barrio con empat\u00eda y compromiso. No se olvidaron de nosotros\u201d, dijo Oros.<\/p>\n<\/blockquote>\n\n\n\n<p>Marcelo Brunwald destac\u00f3 que la ayuda privada puede ser el complemento que muchas veces el Estado no alcanza a cubrir.<br>\u201cDonde hay una necesidad, ah\u00ed tenemos que estar. No se trata de pol\u00edtica ni de religi\u00f3n. Se trata de humanidad\u201d, subray\u00f3.<\/p>\n\n\n\n<hr class=\"wp-block-separator has-alpha-channel-opacity\"\/>\n\n\n\n<h3 class=\"wp-block-heading\">Un nuevo compromiso<\/h3>\n\n\n\n<p>Durante la transmisi\u00f3n, Brunwald propuso que el comedor, adem\u00e1s de asistir a las familias del barrio, prepare una vez por semana comida caliente para personas en situaci\u00f3n de calle de <strong>Plaza Alsina<\/strong>, iniciativa que Silvina Oros acept\u00f3 con entusiasmo.<br>\u201cS\u00ed, me comprometo. Los mi\u00e9rcoles vamos a cocinar para ellos. Va a estar su comida\u201d, afirm\u00f3.<\/p>\n\n\n\n<hr class=\"wp-block-separator has-alpha-channel-opacity\"\/>\n\n\n\n<h3 class=\"wp-block-heading\">Ayudar sin esperar nada<\/h3>\n\n\n\n<p>El comedor \u201cM\u00eda de los Milagros\u201d se sostiene con esfuerzo propio y donaciones. \u201cYo tambi\u00e9n tengo necesidades, pero prefiero ayudar al que menos tiene. No me gusta pedir, pero cuando ves que la gente ayuda sin esperar nada, te emociona\u201d, dijo Silvina.<\/p>\n\n\n\n<p>Actualmente, est\u00e1n iniciando los tr\u00e1mites para constituirse como <strong>ONG<\/strong>, lo que les permitir\u00e1 acceder a subsidios y organizar talleres de oficios, charlas sobre adicciones y jornadas de salud solidaria en conjunto con el equipo de <em>La Voz del Vecino<\/em>.<\/p>\n\n\n\n<p>\u201cHay un lugar hermoso cerca, con aire acondicionado y calefacci\u00f3n, pero a veces no hay pediatras. Con las jornadas solidarias no reemplazamos al Estado: lo ayudamos\u201d, aclar\u00f3 Brunwald.<\/p>\n\n\n\n<hr class=\"wp-block-separator has-alpha-channel-opacity\"\/>\n\n\n\n<h3 class=\"wp-block-heading\">Lo que hace falta<\/h3>\n\n\n\n<p>Con la nueva cocina instalada, el comedor ya piensa en su pr\u00f3ximo objetivo: conseguir un <strong>freezer nuevo<\/strong> para conservar alimentos durante el verano. \u201cSe viene el calor y necesitamos frizar jugos y carnes\u201d, se\u00f1al\u00f3 Silvina.<\/p>\n\n\n\n<p>Brunwald no dud\u00f3 en lanzar al aire otro pedido:<br>\u201cSabemos que nos est\u00e1n escuchando. Si alguna empresa o vecino puede colaborar con un freezer, ac\u00e1 hay un lugar donde todo llega, donde nada se pierde\u201d.<\/p>\n\n\n\n<hr class=\"wp-block-separator has-alpha-channel-opacity\"\/>\n\n\n\n<h3 class=\"wp-block-heading\">Un cierre feliz<\/h3>\n\n\n\n<p>El viernes pr\u00f3ximo a las 19 horas, el comedor \u201cM\u00eda de los Milagros\u201d celebrar\u00e1 una reuni\u00f3n vecinal con pizzas y m\u00fasica, una manera sencilla pero significativa de agradecer y seguir fortaleciendo el lazo comunitario.<\/p>\n\n\n\n<p>\u201cLas malas noticias se dicen, pero las buenas tambi\u00e9n hay que contarlas\u201d, cerr\u00f3 Brunwald.<br>\u201cDe eso se trata la vida: ser felices y ayudar al que m\u00e1s necesita. No hay m\u00e1s\u201d.<\/p>\n\n\n\n<figure class=\"wp-block-embed is-type-video is-provider-youtube wp-block-embed-youtube wp-embed-aspect-16-9 wp-has-aspect-ratio\"><div class=\"wp-block-embed__wrapper\">\n<iframe loading=\"lazy\" title=\"Entrevista: Silvina del &quot;Comedor Mia de los Milagros&quot; Entrega de una nueva Cocina para el Comedor.\" width=\"640\" height=\"360\" src=\"https:\/\/www.youtube.com\/embed\/MZaTRpnURvM?feature=oembed\" frameborder=\"0\" allow=\"accelerometer; autoplay; clipboard-write; encrypted-media; gyroscope; picture-in-picture; web-share\" referrerpolicy=\"strict-origin-when-cross-origin\" allowfullscreen><\/iframe>\n<\/div><\/figure>\n","protected":false},"excerpt":{"rendered":"<p>Por La Voz del VecinoAvellaneda \u2013 Villa Tranquila En tiempos donde la solidaridad escasea y la confianza en las instituciones parece quebrarse, hay gestos que devuelven la fe. En Villa Tranquila, un barrio de Avellaneda donde las necesidades son muchas, una historia buena irrumpi\u00f3 entre tantas malas noticias: el comedor \u201cM\u00eda de los Milagros\u201d, dirigido [&hellip;]<\/p>\n","protected":false},"author":4,"featured_media":19391,"comment_status":"open","ping_status":"open","sticky":false,"template":"","format":"standard","meta":{"footnotes":""},"categories":[1,5,34],"tags":[2049,2048,2046,2047],"_links":{"self":[{"href":"https:\/\/enlamira.info\/index.php\/wp-json\/wp\/v2\/posts\/19388"}],"collection":[{"href":"https:\/\/enlamira.info\/index.php\/wp-json\/wp\/v2\/posts"}],"about":[{"href":"https:\/\/enlamira.info\/index.php\/wp-json\/wp\/v2\/types\/post"}],"author":[{"embeddable":true,"href":"https:\/\/enlamira.info\/index.php\/wp-json\/wp\/v2\/users\/4"}],"replies":[{"embeddable":true,"href":"https:\/\/enlamira.info\/index.php\/wp-json\/wp\/v2\/comments?post=19388"}],"version-history":[{"count":1,"href":"https:\/\/enlamira.info\/index.php\/wp-json\/wp\/v2\/posts\/19388\/revisions"}],"predecessor-version":[{"id":19392,"href":"https:\/\/enlamira.info\/index.php\/wp-json\/wp\/v2\/posts\/19388\/revisions\/19392"}],"wp:featuredmedia":[{"embeddable":true,"href":"https:\/\/enlamira.info\/index.php\/wp-json\/wp\/v2\/media\/19391"}],"wp:attachment":[{"href":"https:\/\/enlamira.info\/index.php\/wp-json\/wp\/v2\/media?parent=19388"}],"wp:term":[{"taxonomy":"category","embeddable":true,"href":"https:\/\/enlamira.info\/index.php\/wp-json\/wp\/v2\/categories?post=19388"},{"taxonomy":"post_tag","embeddable":true,"href":"https:\/\/enlamira.info\/index.php\/wp-json\/wp\/v2\/tags?post=19388"}],"curies":[{"name":"wp","href":"https:\/\/api.w.org\/{rel}","templated":true}]}}