{"id":19386,"date":"2025-10-07T20:51:49","date_gmt":"2025-10-07T23:51:49","guid":{"rendered":"https:\/\/enlamira.info\/?p=19386"},"modified":"2025-10-07T20:51:49","modified_gmt":"2025-10-07T23:51:49","slug":"solidaridad-en-accion-recorridas-nocturnas-en-avellaneda-para-asistir-a-vecinos-en-situacion-de-calle","status":"publish","type":"post","link":"https:\/\/enlamira.info\/index.php\/2025\/10\/07\/solidaridad-en-accion-recorridas-nocturnas-en-avellaneda-para-asistir-a-vecinos-en-situacion-de-calle\/","title":{"rendered":"Solidaridad en acci\u00f3n: recorridas nocturnas en Avellaneda para asistir a vecinos en situaci\u00f3n de calle"},"content":{"rendered":"\n<p>Mientras la crisis econ\u00f3mica golpea con fuerza a los sectores m\u00e1s vulnerables, en Avellaneda crece silenciosamente una red de solidaridad que busca dar respuesta donde el Estado no llega. Se trata del <strong>Colectivo Solidario Zona Sur<\/strong>, encabezado por <strong>Gerardo \u201cEl Polaco\u201d \u00c1lvarez<\/strong>, un grupo de vecinos que cada semana recorre distintos puntos del partido para <strong>entregar viandas, ropa, elementos de higiene y contenci\u00f3n humana<\/strong> a personas y familias que viven en la calle.<\/p>\n\n\n\n<p>El equipo realiza su tarea de manera completamente voluntaria y sin ayuda econ\u00f3mica ni pol\u00edtica. \u201cLo hacemos de coraz\u00f3n. Todo lo que entregamos surge de donaciones de los vecinos: alimentos, ropa, elementos de higiene. Tenemos seis cocinas con unas quince personas trabajando. Cada lunes llegamos a casi <strong>600 viandas<\/strong> distribuidas por toda Avellaneda\u201d, cont\u00f3 \u00c1lvarez en di\u00e1logo con <em>La Voz del Vecino<\/em>, programa conducido por <strong>Marcelo Brunwald<\/strong>, director del Multimedio <em>En la Mira<\/em>.<\/p>\n\n\n\n<p>Brunwald, que participa personalmente de estas recorridas, destac\u00f3 la dimensi\u00f3n humana de esta iniciativa:<\/p>\n\n\n\n<blockquote class=\"wp-block-quote\">\n<p>\u201cTuve el privilegio de acompa\u00f1arlos en varias noches. Ver esa realidad duele: familias enteras, abuelos, chicos, laburantes que no llegan a fin de mes. Pero tambi\u00e9n emociona ver el compromiso de quienes, despu\u00e9s de trabajar todo el d\u00eda, se ponen el delantal y salen a dar una mano sin pedir nada a cambio\u201d, expres\u00f3 el periodista.<\/p>\n<\/blockquote>\n\n\n\n<p>El Colectivo Solidario entrega <strong>viandas calientes en invierno y comidas fr\u00edas o ensaladas durante el verano<\/strong>, adapt\u00e1ndose a las necesidades de cada estaci\u00f3n. En los \u00faltimos meses, el grupo apel\u00f3 a la solidaridad de la comunidad para conseguir <strong>jugo, fiambres y carnes<\/strong>, productos esenciales en sus recorridas ante la llegada del calor.<\/p>\n\n\n\n<p>Las donaciones se reciben en la <strong>Pizzer\u00eda \u201cLos Tres Ases\u201d (Av. Mitre 20.077, Sarand\u00ed)<\/strong>, de lunes a s\u00e1bado entre las 11 y las 23 horas. Tambi\u00e9n se reciben <strong>ropas de verano, frutas y verduras frescas<\/strong>.<\/p>\n\n\n\n<blockquote class=\"wp-block-quote\">\n<p>\u201cEn nuestras recorridas vemos de todo \u2014cont\u00f3 \u00c1lvarez\u2014. Gente mayor, jubilados, j\u00f3venes que alquilan una pieza o trabajan de changas pero no llegan al plato de comida. No todos viven en la calle, pero muchos est\u00e1n al borde. Por eso insistimos: cualquiera puede necesitar una mano alg\u00fan d\u00eda.\u201d<\/p>\n<\/blockquote>\n\n\n\n<p>M\u00e1s all\u00e1 de la asistencia alimentaria, la tarea tiene un profundo componente humano. \u201cComo decimos siempre \u2014agreg\u00f3 Brunwald\u2014, no se trata solo de dar de comer, sino de <strong>alimentar con esperanza, con fe, con cercan\u00eda<\/strong>. Eso tambi\u00e9n sostiene a la gente\u201d.<\/p>\n\n\n\n<p>El <strong>Colectivo Solidario Zona Sur<\/strong> puede seguirse en Instagram en <a href=\"https:\/\/www.instagram.com\/colectivosolidariozonasur\">@colectivosolidariozonasur<\/a>, donde comparten im\u00e1genes de las recorridas, pedidos de ayuda y actividades especiales.<\/p>\n\n\n\n<hr class=\"wp-block-separator has-alpha-channel-opacity\"\/>\n\n\n\n<p><strong>C\u00f3mo ayudar:<\/strong><\/p>\n\n\n\n<ul>\n<li>Lunes a s\u00e1bado, de 11 a 23 hs<\/li>\n\n\n\n<li>Pizzer\u00eda Los Tres Ases, Av. Mitre 20.077, Sarand\u00ed<\/li>\n\n\n\n<li>Instagram: <a href=\"https:\/\/www.instagram.com\/colectivosolidariozonasur\">@colectivosolidariozonasur<\/a><\/li>\n\n\n\n<li>Se reciben donaciones de alimentos, jugos, ropa de verano y productos de higiene.<\/li>\n<\/ul>\n\n\n\n<figure class=\"wp-block-embed is-type-video is-provider-youtube wp-block-embed-youtube wp-embed-aspect-16-9 wp-has-aspect-ratio\"><div class=\"wp-block-embed__wrapper\">\n<iframe loading=\"lazy\" title=\"Entrevista: Gerardo del Colectivo Solidario\" width=\"640\" height=\"360\" src=\"https:\/\/www.youtube.com\/embed\/K5Ra7lVpEzg?feature=oembed\" frameborder=\"0\" allow=\"accelerometer; autoplay; clipboard-write; encrypted-media; gyroscope; picture-in-picture; web-share\" referrerpolicy=\"strict-origin-when-cross-origin\" allowfullscreen><\/iframe>\n<\/div><\/figure>\n","protected":false},"excerpt":{"rendered":"<p>Mientras la crisis econ\u00f3mica golpea con fuerza a los sectores m\u00e1s vulnerables, en Avellaneda crece silenciosamente una red de solidaridad que busca dar respuesta donde el Estado no llega. Se trata del Colectivo Solidario Zona Sur, encabezado por Gerardo \u201cEl Polaco\u201d \u00c1lvarez, un grupo de vecinos que cada semana recorre distintos puntos del partido para [&hellip;]<\/p>\n","protected":false},"author":4,"featured_media":19395,"comment_status":"open","ping_status":"open","sticky":false,"template":"","format":"standard","meta":{"footnotes":""},"categories":[1,34],"tags":[],"_links":{"self":[{"href":"https:\/\/enlamira.info\/index.php\/wp-json\/wp\/v2\/posts\/19386"}],"collection":[{"href":"https:\/\/enlamira.info\/index.php\/wp-json\/wp\/v2\/posts"}],"about":[{"href":"https:\/\/enlamira.info\/index.php\/wp-json\/wp\/v2\/types\/post"}],"author":[{"embeddable":true,"href":"https:\/\/enlamira.info\/index.php\/wp-json\/wp\/v2\/users\/4"}],"replies":[{"embeddable":true,"href":"https:\/\/enlamira.info\/index.php\/wp-json\/wp\/v2\/comments?post=19386"}],"version-history":[{"count":1,"href":"https:\/\/enlamira.info\/index.php\/wp-json\/wp\/v2\/posts\/19386\/revisions"}],"predecessor-version":[{"id":19396,"href":"https:\/\/enlamira.info\/index.php\/wp-json\/wp\/v2\/posts\/19386\/revisions\/19396"}],"wp:featuredmedia":[{"embeddable":true,"href":"https:\/\/enlamira.info\/index.php\/wp-json\/wp\/v2\/media\/19395"}],"wp:attachment":[{"href":"https:\/\/enlamira.info\/index.php\/wp-json\/wp\/v2\/media?parent=19386"}],"wp:term":[{"taxonomy":"category","embeddable":true,"href":"https:\/\/enlamira.info\/index.php\/wp-json\/wp\/v2\/categories?post=19386"},{"taxonomy":"post_tag","embeddable":true,"href":"https:\/\/enlamira.info\/index.php\/wp-json\/wp\/v2\/tags?post=19386"}],"curies":[{"name":"wp","href":"https:\/\/api.w.org\/{rel}","templated":true}]}}