{"id":19369,"date":"2025-10-06T00:04:00","date_gmt":"2025-10-06T03:04:00","guid":{"rendered":"https:\/\/enlamira.info\/?p=19369"},"modified":"2025-10-05T19:05:07","modified_gmt":"2025-10-05T22:05:07","slug":"violento-asalto-en-lanus-un-hombre-fue-baleado-en-la-pierna-para-robarle-el-auto","status":"publish","type":"post","link":"https:\/\/enlamira.info\/index.php\/2025\/10\/06\/violento-asalto-en-lanus-un-hombre-fue-baleado-en-la-pierna-para-robarle-el-auto\/","title":{"rendered":"Violento asalto en Lan\u00fas: Un hombre fue baleado en la pierna para robarle el auto"},"content":{"rendered":"\n<p>Un vecino de Lan\u00fas result\u00f3 herido de bala en una pierna al intentar resistirse al robo de su autom\u00f3vil frente a su casa. Los delincuentes, que se desplazaban en moto, se dieron a la fuga con el veh\u00edculo pero uno de ellos fue detenido horas m\u00e1s tarde tras un operativo policial.<\/p>\n\n\n\n<p>El hecho ocurri\u00f3 el jueves por la tarde en la calle Bouchard, cuando Jorge Luis Quir\u00f3z, de 55 a\u00f1os, sal\u00eda del garaje con su Renault Logan gris. En ese momento fue interceptado por dos motochorros que, a punta de pistola, le exigieron las llaves del auto. Seg\u00fan se observa en el video registrado por una c\u00e1mara de seguridad, la v\u00edctima forceje\u00f3 con uno de los atacantes pese a que le apuntaban con el arma. De repente, uno de los ladrones le dispar\u00f3 en la pierna derecha, por debajo de la rodilla, para concretar el robo.<\/p>\n\n\n\n<p>Mientras los delincuentes escapaban con el auto y algunas pertenencias personales, Quir\u00f3z fue asistido por vecinos que dieron aviso al 911. Personal de la Polic\u00eda Bonaerense lleg\u00f3 al lugar junto a dos oficiales mujeres y una ambulancia del SAME traslad\u00f3 al herido al hospital Narciso L\u00f3pez, donde permanece internado fuera de peligro.<\/p>\n\n\n\n<p>A partir de la denuncia y de las im\u00e1genes del ataque, efectivos del Comando de Patrullas implementaron un operativo cerrojo en la zona. Horas m\u00e1s tarde lograron detener a uno de los sospechosos, un hombre de 31 a\u00f1os, en la localidad de Villa La Fe, y secuestraron la motocicleta utilizada en el asalto, una Gilera Smash azul.<\/p>\n\n\n\n<p>Durante los rastrillajes posteriores, en las calles Pasco y 198 de Quilmes, la Polic\u00eda recuper\u00f3 el Renault Logan sustra\u00eddo, que fue devuelto a su propietario. El otro delincuente permanece pr\u00f3fugo y es intensamente buscado.La causa qued\u00f3 a cargo de la UFI N\u00b07 del Departamento Judicial Avellaneda-Lan\u00fas, que caratul\u00f3 el hecho como \u201crobo agravado por el uso de arma de fuego y lesiones\u201d.<\/p>\n","protected":false},"excerpt":{"rendered":"<p>Un vecino de Lan\u00fas result\u00f3 herido de bala en una pierna al intentar resistirse al robo de su autom\u00f3vil frente a su casa. Los delincuentes, que se desplazaban en moto, se dieron a la fuga con el veh\u00edculo pero uno de ellos fue detenido horas m\u00e1s tarde tras un operativo policial. El hecho ocurri\u00f3 el [&hellip;]<\/p>\n","protected":false},"author":4,"featured_media":19364,"comment_status":"open","ping_status":"open","sticky":false,"template":"","format":"standard","meta":{"footnotes":""},"categories":[1],"tags":[28,409],"_links":{"self":[{"href":"https:\/\/enlamira.info\/index.php\/wp-json\/wp\/v2\/posts\/19369"}],"collection":[{"href":"https:\/\/enlamira.info\/index.php\/wp-json\/wp\/v2\/posts"}],"about":[{"href":"https:\/\/enlamira.info\/index.php\/wp-json\/wp\/v2\/types\/post"}],"author":[{"embeddable":true,"href":"https:\/\/enlamira.info\/index.php\/wp-json\/wp\/v2\/users\/4"}],"replies":[{"embeddable":true,"href":"https:\/\/enlamira.info\/index.php\/wp-json\/wp\/v2\/comments?post=19369"}],"version-history":[{"count":1,"href":"https:\/\/enlamira.info\/index.php\/wp-json\/wp\/v2\/posts\/19369\/revisions"}],"predecessor-version":[{"id":19370,"href":"https:\/\/enlamira.info\/index.php\/wp-json\/wp\/v2\/posts\/19369\/revisions\/19370"}],"wp:featuredmedia":[{"embeddable":true,"href":"https:\/\/enlamira.info\/index.php\/wp-json\/wp\/v2\/media\/19364"}],"wp:attachment":[{"href":"https:\/\/enlamira.info\/index.php\/wp-json\/wp\/v2\/media?parent=19369"}],"wp:term":[{"taxonomy":"category","embeddable":true,"href":"https:\/\/enlamira.info\/index.php\/wp-json\/wp\/v2\/categories?post=19369"},{"taxonomy":"post_tag","embeddable":true,"href":"https:\/\/enlamira.info\/index.php\/wp-json\/wp\/v2\/tags?post=19369"}],"curies":[{"name":"wp","href":"https:\/\/api.w.org\/{rel}","templated":true}]}}