{"id":19330,"date":"2025-10-04T13:11:22","date_gmt":"2025-10-04T16:11:22","guid":{"rendered":"https:\/\/enlamira.info\/?p=19330"},"modified":"2025-10-04T13:11:22","modified_gmt":"2025-10-04T16:11:22","slug":"cayo-la-banda-en-avellaneda-cinco-pillos-entre-ellos-un-menor-atrapados-con-herramientas-para-choreos","status":"publish","type":"post","link":"https:\/\/enlamira.info\/index.php\/2025\/10\/04\/cayo-la-banda-en-avellaneda-cinco-pillos-entre-ellos-un-menor-atrapados-con-herramientas-para-choreos\/","title":{"rendered":"\u00a1Cay\u00f3 la banda en Avellaneda! Cinco pillos, entre ellos un menor, atrapados con herramientas para choreos"},"content":{"rendered":"\n<hr class=\"wp-block-separator has-alpha-channel-opacity\"\/>\n\n\n\n<p><br>Los vieron merodeando casas, tirando mochilas y escapando en autos. La polic\u00eda los fren\u00f3 antes de que hicieran de las suyas.<\/p>\n\n\n\n<figure class=\"wp-block-image size-large\"><img loading=\"lazy\" decoding=\"async\" width=\"1024\" height=\"576\" src=\"https:\/\/enlamira.info\/wp-content\/uploads\/2025\/10\/21138456-aff4-4d66-a611-35b73eaee821-1024x576.jpg\" alt=\"\" class=\"wp-image-19332\" srcset=\"https:\/\/enlamira.info\/wp-content\/uploads\/2025\/10\/21138456-aff4-4d66-a611-35b73eaee821-1024x576.jpg 1024w, https:\/\/enlamira.info\/wp-content\/uploads\/2025\/10\/21138456-aff4-4d66-a611-35b73eaee821-300x169.jpg 300w, https:\/\/enlamira.info\/wp-content\/uploads\/2025\/10\/21138456-aff4-4d66-a611-35b73eaee821-768x432.jpg 768w, https:\/\/enlamira.info\/wp-content\/uploads\/2025\/10\/21138456-aff4-4d66-a611-35b73eaee821.jpg 1280w\" sizes=\"(max-width: 1024px) 100vw, 1024px\" \/><\/figure>\n\n\n\n<figure class=\"wp-block-image size-large\"><img loading=\"lazy\" decoding=\"async\" width=\"768\" height=\"1024\" src=\"https:\/\/enlamira.info\/wp-content\/uploads\/2025\/10\/c54adf09-306c-4fc8-936f-3aa1ba81d5a4-768x1024.jpg\" alt=\"\" class=\"wp-image-19333\" srcset=\"https:\/\/enlamira.info\/wp-content\/uploads\/2025\/10\/c54adf09-306c-4fc8-936f-3aa1ba81d5a4-768x1024.jpg 768w, https:\/\/enlamira.info\/wp-content\/uploads\/2025\/10\/c54adf09-306c-4fc8-936f-3aa1ba81d5a4-225x300.jpg 225w, https:\/\/enlamira.info\/wp-content\/uploads\/2025\/10\/c54adf09-306c-4fc8-936f-3aa1ba81d5a4-1152x1536.jpg 1152w, https:\/\/enlamira.info\/wp-content\/uploads\/2025\/10\/c54adf09-306c-4fc8-936f-3aa1ba81d5a4.jpg 1200w\" sizes=\"(max-width: 768px) 100vw, 768px\" \/><\/figure>\n\n\n\n<p><br>En Avellaneda, la cosa se puso pesada: cinco pibes, cuatro mayores y un menor, fueron aprehendidos por <strong>averiguaci\u00f3n de il\u00edcito<\/strong> despu\u00e9s de que las c\u00e1maras del COM los captaran merodeando la zona con actitud sospechosa. Todos iban <strong>con guantes, barbijos y gorras<\/strong>, tratando de pasar desapercibidos mientras revisaban las casas como si fueran \u201cturistas del delito\u201d.<\/p>\n\n\n\n<p>Al notar la presencia policial, los j\u00f3venes dejaron <strong>dos mochilas debajo de veh\u00edculos<\/strong> en la calle Giribone y San Luis. Pero no era cualquier mochila: adentro hab\u00eda <strong>herramientas varias, precintos y guantes<\/strong>, como para preparar sus choreos. La maniobra no les sirvi\u00f3 de nada: la polic\u00eda los identific\u00f3 y empez\u00f3 la persecuci\u00f3n.<\/p>\n\n\n\n<p>La cosa no termin\u00f3 ah\u00ed. Dos de los sospechosos subieron a un <strong>Onix celeste<\/strong> y luego a un <strong>Honda City gris<\/strong>, intentando escaparse, pero fueron interceptados en <strong>Toay y Bah\u00eda Blanca<\/strong>. Todos terminaron en la <strong>Seccional 2da<\/strong>, junto con los autos y el bot\u00edn que preparaban para delinquir.<\/p>\n\n\n\n<p>Entre los detenidos est\u00e1n <strong>Agust\u00edn Zabala (24), Aar\u00f3n Arenilla (18), Alexis Tourm (18), Cristian Alarc\u00f3n (20) y  un menor (17)<\/strong>, todos imputados mientras la <strong>UFI N\u00b03 de Avellaneda-Lan\u00fas<\/strong> se hace cargo del caso.<\/p>\n\n\n\n<p>El operativo fue dirigido por el <strong>Crio. Insp. Marcelo Calarota<\/strong>, jefe del Comando de Patrullas de Avellaneda. La comunidad local puede respirar un poco m\u00e1s tranquila: los que pensaban hacer de las suyas tuvieron que cambiar de planes gracias a la vigilancia y la r\u00e1pida intervenci\u00f3n policial. Avellaneda sigue firme: los que quieren chorear, que lo piensen dos veces.<\/p>\n","protected":false},"excerpt":{"rendered":"<p>Los vieron merodeando casas, tirando mochilas y escapando en autos. La polic\u00eda los fren\u00f3 antes de que hicieran de las suyas. En Avellaneda, la cosa se puso pesada: cinco pibes, cuatro mayores y un menor, fueron aprehendidos por averiguaci\u00f3n de il\u00edcito despu\u00e9s de que las c\u00e1maras del COM los captaran merodeando la zona con actitud [&hellip;]<\/p>\n","protected":false},"author":4,"featured_media":19334,"comment_status":"open","ping_status":"open","sticky":false,"template":"","format":"standard","meta":{"footnotes":""},"categories":[1,32],"tags":[],"_links":{"self":[{"href":"https:\/\/enlamira.info\/index.php\/wp-json\/wp\/v2\/posts\/19330"}],"collection":[{"href":"https:\/\/enlamira.info\/index.php\/wp-json\/wp\/v2\/posts"}],"about":[{"href":"https:\/\/enlamira.info\/index.php\/wp-json\/wp\/v2\/types\/post"}],"author":[{"embeddable":true,"href":"https:\/\/enlamira.info\/index.php\/wp-json\/wp\/v2\/users\/4"}],"replies":[{"embeddable":true,"href":"https:\/\/enlamira.info\/index.php\/wp-json\/wp\/v2\/comments?post=19330"}],"version-history":[{"count":1,"href":"https:\/\/enlamira.info\/index.php\/wp-json\/wp\/v2\/posts\/19330\/revisions"}],"predecessor-version":[{"id":19335,"href":"https:\/\/enlamira.info\/index.php\/wp-json\/wp\/v2\/posts\/19330\/revisions\/19335"}],"wp:featuredmedia":[{"embeddable":true,"href":"https:\/\/enlamira.info\/index.php\/wp-json\/wp\/v2\/media\/19334"}],"wp:attachment":[{"href":"https:\/\/enlamira.info\/index.php\/wp-json\/wp\/v2\/media?parent=19330"}],"wp:term":[{"taxonomy":"category","embeddable":true,"href":"https:\/\/enlamira.info\/index.php\/wp-json\/wp\/v2\/categories?post=19330"},{"taxonomy":"post_tag","embeddable":true,"href":"https:\/\/enlamira.info\/index.php\/wp-json\/wp\/v2\/tags?post=19330"}],"curies":[{"name":"wp","href":"https:\/\/api.w.org\/{rel}","templated":true}]}}